{"id":8803,"date":"2026-04-22T10:39:08","date_gmt":"2026-04-22T08:39:08","guid":{"rendered":"https:\/\/grundschule-muehldorf.de\/?p=8803"},"modified":"2026-04-28T10:43:17","modified_gmt":"2026-04-28T08:43:17","slug":"digitales-lernen-in-der-zweiten-klasse","status":"publish","type":"post","link":"https:\/\/grundschule-muehldorf.de\/?p=8803","title":{"rendered":"Digitales Lernen in der zweiten Klasse"},"content":{"rendered":"\n<p>Vor kurzem ist der Tablet-Bestand unserer Schule erneut aufger\u00fcstet worden, sodass uns nun 5 Tablet Koffer mit iPads zur Verf\u00fcgung stehen. Tablets geh\u00f6ren mittlerweile zu einem festen Bestandteil des Lernalltags an der Grundschule M\u00fchldorf.<\/p>\n<p>Regelm\u00e4\u00dfig arbeiten die Sch\u00fclerinnen und Sch\u00fcler mit digitalen Arbeitsbl\u00e4ttern oder Lerntheken. Spielerisch und interaktiv setzen sich die Kinder mit Inhalten auseinander, l\u00f6sen Aufgaben und vertiefen ihr Wissen. Dabei zeigt sich schnell, dass die Kinder hoch motiviert sind und erstaunlich verantwortungsvoll mit den Ger\u00e4ten umgehen.<\/p>\n<p><a href=\"http:\/\/grundschule-muehldorf.de\/wp-content\/uploads\/2026\/04\/Bild-1-3-scaled.jpg\"><img loading=\"lazy\" decoding=\"async\" class=\"alignnone size-full wp-image-8804\" src=\"http:\/\/grundschule-muehldorf.de\/wp-content\/uploads\/2026\/04\/Bild-1-3-scaled.jpg\" alt=\"\" width=\"1920\" height=\"2560\" srcset=\"https:\/\/grundschule-muehldorf.de\/wp-content\/uploads\/2026\/04\/Bild-1-3-scaled.jpg 1920w, https:\/\/grundschule-muehldorf.de\/wp-content\/uploads\/2026\/04\/Bild-1-3-225x300.jpg 225w, https:\/\/grundschule-muehldorf.de\/wp-content\/uploads\/2026\/04\/Bild-1-3-768x1024.jpg 768w, https:\/\/grundschule-muehldorf.de\/wp-content\/uploads\/2026\/04\/Bild-1-3-1152x1536.jpg 1152w, https:\/\/grundschule-muehldorf.de\/wp-content\/uploads\/2026\/04\/Bild-1-3-1536x2048.jpg 1536w\" sizes=\"auto, (max-width: 1920px) 100vw, 1920px\" \/><\/a><\/p>\n<p>Die Art und Weise, wie die Kinder zusammenarbeiten, ist sch\u00f6n zu beobachten. Viele Aufgaben werden bewusst in Partnerarbeit bearbeitet. Dabei wechseln sich die Sch\u00fclerinnen und Sch\u00fcler ab, lesen gemeinsam die Aufgabenstellungen und besprechen ihre Ideen. Sie diskutieren m\u00f6gliche L\u00f6sungswege, erkl\u00e4ren sich gegenseitig Inhalte und unterst\u00fctzen einander bei Schwierigkeiten. So wird nicht nur fachliches Wissen aufgebaut. Die Kinder schulen ihre Medienkompetenz, w\u00e4hrend gleichzeitig auch soziale Kompetenzen wie Teamf\u00e4higkeit, R\u00fccksichtnahme und Kommunikation gest\u00e4rkt werden.<\/p>\n<p><a href=\"http:\/\/grundschule-muehldorf.de\/wp-content\/uploads\/2026\/04\/Bild-2-5-scaled.jpg\"><img loading=\"lazy\" decoding=\"async\" class=\"alignnone size-full wp-image-8805\" src=\"http:\/\/grundschule-muehldorf.de\/wp-content\/uploads\/2026\/04\/Bild-2-5-scaled.jpg\" alt=\"\" width=\"2560\" height=\"1920\" \/><\/a><\/p>\n<p>Die Klasse 2c besch\u00e4ftigt sich momentan zum Beispiel mit einer digitalen Lerntheke zum Thema \u201eGeld\u201c. Die Zweitkl\u00e4ssler genie\u00dfen es sehr nicht nur den Arbeitspartner, sondern auch den Arbeitsplatz frei w\u00e4hlen zu k\u00f6nnen. Wer das Klassenzimmer verlassen m\u00f6chte, kann sich mit einer Decke auf den Gang zur\u00fcckziehen, um dort in einer ruhigen Umgebung konzentriert zu arbeiten.<\/p>\n<p><a href=\"http:\/\/grundschule-muehldorf.de\/wp-content\/uploads\/2026\/04\/Bild-3-1-1-scaled.jpg\"><img loading=\"lazy\" decoding=\"async\" class=\"alignnone size-full wp-image-8806\" src=\"http:\/\/grundschule-muehldorf.de\/wp-content\/uploads\/2026\/04\/Bild-3-1-1-scaled.jpg\" alt=\"\" width=\"1920\" height=\"2560\" srcset=\"https:\/\/grundschule-muehldorf.de\/wp-content\/uploads\/2026\/04\/Bild-3-1-1-scaled.jpg 1920w, https:\/\/grundschule-muehldorf.de\/wp-content\/uploads\/2026\/04\/Bild-3-1-1-225x300.jpg 225w, https:\/\/grundschule-muehldorf.de\/wp-content\/uploads\/2026\/04\/Bild-3-1-1-768x1024.jpg 768w, https:\/\/grundschule-muehldorf.de\/wp-content\/uploads\/2026\/04\/Bild-3-1-1-1152x1536.jpg 1152w, https:\/\/grundschule-muehldorf.de\/wp-content\/uploads\/2026\/04\/Bild-3-1-1-1536x2048.jpg 1536w\" sizes=\"auto, (max-width: 1920px) 100vw, 1920px\" \/><\/a><\/p>\n\n\n","protected":false},"excerpt":{"rendered":"<p>Vor kurzem ist der Tablet-Bestand unserer Schule erneut aufger\u00fcstet worden, sodass uns nun 5 Tablet Koffer mit iPads zur Verf\u00fcgung stehen. Tablets geh\u00f6ren mittlerweile zu einem festen Bestandteil des Lernalltags an der Grundschule M\u00fchldorf.&#46;&#46;&#46;<\/p>\n","protected":false},"author":1,"featured_media":8805,"comment_status":"closed","ping_status":"open","sticky":false,"template":"","format":"standard","meta":{"footnotes":""},"categories":[3],"tags":[],"class_list":["post-8803","post","type-post","status-publish","format-standard","has-post-thumbnail","hentry","category-schulleben"],"publishpress_future_action":{"enabled":false,"date":"2026-05-05 15:10:37","action":"change-status","newStatus":"draft","terms":[],"taxonomy":"category","extraData":[]},"publishpress_future_workflow_manual_trigger":{"enabledWorkflows":[]},"_links":{"self":[{"href":"https:\/\/grundschule-muehldorf.de\/index.php?rest_route=\/wp\/v2\/posts\/8803","targetHints":{"allow":["GET"]}}],"collection":[{"href":"https:\/\/grundschule-muehldorf.de\/index.php?rest_route=\/wp\/v2\/posts"}],"about":[{"href":"https:\/\/grundschule-muehldorf.de\/index.php?rest_route=\/wp\/v2\/types\/post"}],"author":[{"embeddable":true,"href":"https:\/\/grundschule-muehldorf.de\/index.php?rest_route=\/wp\/v2\/users\/1"}],"replies":[{"embeddable":true,"href":"https:\/\/grundschule-muehldorf.de\/index.php?rest_route=%2Fwp%2Fv2%2Fcomments&post=8803"}],"version-history":[{"count":1,"href":"https:\/\/grundschule-muehldorf.de\/index.php?rest_route=\/wp\/v2\/posts\/8803\/revisions"}],"predecessor-version":[{"id":8807,"href":"https:\/\/grundschule-muehldorf.de\/index.php?rest_route=\/wp\/v2\/posts\/8803\/revisions\/8807"}],"wp:featuredmedia":[{"embeddable":true,"href":"https:\/\/grundschule-muehldorf.de\/index.php?rest_route=\/wp\/v2\/media\/8805"}],"wp:attachment":[{"href":"https:\/\/grundschule-muehldorf.de\/index.php?rest_route=%2Fwp%2Fv2%2Fmedia&parent=8803"}],"wp:term":[{"taxonomy":"category","embeddable":true,"href":"https:\/\/grundschule-muehldorf.de\/index.php?rest_route=%2Fwp%2Fv2%2Fcategories&post=8803"},{"taxonomy":"post_tag","embeddable":true,"href":"https:\/\/grundschule-muehldorf.de\/index.php?rest_route=%2Fwp%2Fv2%2Ftags&post=8803"}],"curies":[{"name":"wp","href":"https:\/\/api.w.org\/{rel}","templated":true}]}}