{"id":8789,"date":"2026-04-28T10:32:44","date_gmt":"2026-04-28T08:32:44","guid":{"rendered":"https:\/\/grundschule-muehldorf.de\/?p=8789"},"modified":"2026-04-28T10:32:46","modified_gmt":"2026-04-28T08:32:46","slug":"wir-bauen-bruecken-2","status":"publish","type":"post","link":"https:\/\/grundschule-muehldorf.de\/?p=8789","title":{"rendered":"Wir bauen Br\u00fccken"},"content":{"rendered":"\n<p>Im Heimat- und Sachunterricht der Klasse 3a standen die letzten Stunden ganz unter dem Motto \u201eBauen und Konstruieren\u201c.<\/p>\n\n\n\n<p>In kleinen Gruppen fertigten die Kinder gemeinsam ein Br\u00fcckenmodell aus Papier an. Sie stellten Balken, Tr\u00e4ger, Pfeiler und Fahrbahn selbst her.<\/p>\n\n\n\n<p>Durch das Umformen des Papiers lernten die Kinder die Stabilit\u00e4t zu erh\u00f6hen. Eifrig testeten sie, welche Br\u00fccke die h\u00f6chste Tragkraft hat.<\/p>\n\n\n\n\n\n<figure class=\"wp-block-image size-large\"><img decoding=\"async\" src=\"https:\/\/grundschule-muehldorf.de\/wp-content\/uploads\/2026\/04\/20260420_090521-COLLAGE-1024x1024.jpg\" alt=\"\" class=\"wp-image-8790\"\/><\/figure>\n","protected":false},"excerpt":{"rendered":"<p>Im Heimat- und Sachunterricht der Klasse 3a standen die letzten Stunden ganz unter dem Motto \u201eBauen und Konstruieren\u201c. In kleinen Gruppen fertigten die Kinder gemeinsam ein Br\u00fcckenmodell aus Papier an. Sie stellten Balken, Tr\u00e4ger,&#46;&#46;&#46;<\/p>\n","protected":false},"author":1,"featured_media":8790,"comment_status":"closed","ping_status":"open","sticky":false,"template":"","format":"standard","meta":{"footnotes":""},"categories":[3],"tags":[],"class_list":["post-8789","post","type-post","status-publish","format-standard","has-post-thumbnail","hentry","category-schulleben"],"publishpress_future_action":{"enabled":false,"date":"2026-05-05 15:14:06","action":"change-status","newStatus":"draft","terms":[],"taxonomy":"category","extraData":[]},"publishpress_future_workflow_manual_trigger":{"enabledWorkflows":[]},"_links":{"self":[{"href":"https:\/\/grundschule-muehldorf.de\/index.php?rest_route=\/wp\/v2\/posts\/8789","targetHints":{"allow":["GET"]}}],"collection":[{"href":"https:\/\/grundschule-muehldorf.de\/index.php?rest_route=\/wp\/v2\/posts"}],"about":[{"href":"https:\/\/grundschule-muehldorf.de\/index.php?rest_route=\/wp\/v2\/types\/post"}],"author":[{"embeddable":true,"href":"https:\/\/grundschule-muehldorf.de\/index.php?rest_route=\/wp\/v2\/users\/1"}],"replies":[{"embeddable":true,"href":"https:\/\/grundschule-muehldorf.de\/index.php?rest_route=%2Fwp%2Fv2%2Fcomments&post=8789"}],"version-history":[{"count":1,"href":"https:\/\/grundschule-muehldorf.de\/index.php?rest_route=\/wp\/v2\/posts\/8789\/revisions"}],"predecessor-version":[{"id":8791,"href":"https:\/\/grundschule-muehldorf.de\/index.php?rest_route=\/wp\/v2\/posts\/8789\/revisions\/8791"}],"wp:featuredmedia":[{"embeddable":true,"href":"https:\/\/grundschule-muehldorf.de\/index.php?rest_route=\/wp\/v2\/media\/8790"}],"wp:attachment":[{"href":"https:\/\/grundschule-muehldorf.de\/index.php?rest_route=%2Fwp%2Fv2%2Fmedia&parent=8789"}],"wp:term":[{"taxonomy":"category","embeddable":true,"href":"https:\/\/grundschule-muehldorf.de\/index.php?rest_route=%2Fwp%2Fv2%2Fcategories&post=8789"},{"taxonomy":"post_tag","embeddable":true,"href":"https:\/\/grundschule-muehldorf.de\/index.php?rest_route=%2Fwp%2Fv2%2Ftags&post=8789"}],"curies":[{"name":"wp","href":"https:\/\/api.w.org\/{rel}","templated":true}]}}