{"id":8780,"date":"2026-03-26T10:18:14","date_gmt":"2026-03-26T09:18:14","guid":{"rendered":"https:\/\/grundschule-muehldorf.de\/?p=8780"},"modified":"2026-04-28T10:20:53","modified_gmt":"2026-04-28T08:20:53","slug":"schulhausuebernachtung","status":"publish","type":"post","link":"https:\/\/grundschule-muehldorf.de\/?p=8780","title":{"rendered":"Schulhaus\u00fcbernachtung"},"content":{"rendered":"\n<p><span style=\"font-size: revert; color: initial;\">In der Klasse 3g durften wir etwas ganz Besonderes erleben: eine Film- und Lesenacht in der Schule! Am Abend haben wir es uns gemeinsam gem\u00fctlich gemacht und den Film <\/span><em style=\"font-size: revert; color: initial;\">\u201eAlles steht Kopf\u201c<\/em><span style=\"font-size: revert; color: initial;\">\u00a0angeschaut. Dazu gab es leckere Pizza \u2013 das war richtig toll!<\/span><\/p>\n<div class=\"x_text-base x_my-auto x_mx-auto x_pb-10 x_[--thread-content-margin:var(--thread-content-margin-xs,calc(var(--spacing)*4))] x_@w-sm\/main:[--thread-content-margin:var(--thread-content-margin-sm,calc(var(--spacing)*6))] x_@w-lg\/main:[--thread-content-margin:var(--thread-content-margin-lg,calc(var(--spacing)*16))] x_px-(--thread-content-margin)\">\n<div class=\"x_[--thread-content-max-width:40rem] x_@w-lg\/main:[--thread-content-max-width:48rem] x_mx-auto x_max-w-(--thread-content-max-width) x_flex-1 x_group\/turn-messages x_focus-visible:outline-hidden x_relative x_flex x_w-full x_min-w-0 x_flex-col x_agent-turn\">\n<div class=\"x_flex x_max-w-full x_flex-col x_gap-4 x_grow\">\n<div class=\"x_min-h-8 x_text-message x_relative x_flex x_w-full x_flex-col x_items-end x_gap-2 x_text-start x_break-words x_whitespace-normal x_outline-none x_keyboard-focused:focus-ring x_[.text-message+&amp;]:mt-1\" dir=\"auto\" tabindex=\"0\">\n<div class=\"x_flex x_w-full x_flex-col x_gap-1 x_empty:hidden\">\n<div class=\"x_markdown x_prose x_dark:prose-invert x_w-full x_wrap-break-word x_dark x_markdown-new-styling\">\n<p>Sp\u00e4ter hat uns uns Frau B\u00f6cklbauer\u00a0vorgelesen, und danach durften wir noch selbst in unseren eigenen B\u00fcchern lesen.\u00a0Zum Einschlafen haben uns Herr Gerhardinger, Frau Schmidt und Viki sogar noch lange weiter vorgelesen.<\/p>\n<p>Am n\u00e4chsten Morgen sind wir nach dem Aufstehen erst einmal nach drau\u00dfen gegangen, um uns zu bewegen und richtig wach zu werden. Danach gab es ein gemeinsames Fr\u00fchst\u00fcck. Das war richtig lecker und ein sch\u00f6ner Abschluss f\u00fcr unsere besondere Nacht in der Schule!<\/p>\n<\/div>\n<p>\u00a0<\/p>\n<\/div>\n<\/div>\n<\/div>\n<\/div>\n<\/div>\n\n\n\n\n\n<figure class=\"wp-block-gallery has-nested-images columns-default is-cropped wp-block-gallery-1 is-layout-flex wp-block-gallery-is-layout-flex\">\n<figure class=\"wp-block-image size-large\"><img decoding=\"async\" data-id=\"8783\" src=\"https:\/\/grundschule-muehldorf.de\/wp-content\/uploads\/2026\/04\/IMG_6751-1-768x1024.jpg\" alt=\"\" class=\"wp-image-8783\"\/><\/figure>\n\n\n\n<figure class=\"wp-block-image size-large\"><img loading=\"lazy\" decoding=\"async\" width=\"768\" height=\"1024\" data-id=\"8782\" src=\"https:\/\/grundschule-muehldorf.de\/wp-content\/uploads\/2026\/04\/IMG_8173CB6A255A-11-768x1024.jpeg\" alt=\"\" class=\"wp-image-8782\" srcset=\"https:\/\/grundschule-muehldorf.de\/wp-content\/uploads\/2026\/04\/IMG_8173CB6A255A-11-768x1024.jpeg 768w, https:\/\/grundschule-muehldorf.de\/wp-content\/uploads\/2026\/04\/IMG_8173CB6A255A-11-225x300.jpeg 225w, https:\/\/grundschule-muehldorf.de\/wp-content\/uploads\/2026\/04\/IMG_8173CB6A255A-11-1152x1536.jpeg 1152w, https:\/\/grundschule-muehldorf.de\/wp-content\/uploads\/2026\/04\/IMG_8173CB6A255A-11.jpeg 1536w\" sizes=\"auto, (max-width: 768px) 100vw, 768px\" \/><\/figure>\n<\/figure>\n","protected":false},"excerpt":{"rendered":"<p>In der Klasse 3g durften wir etwas ganz Besonderes erleben: eine Film- und Lesenacht in der Schule! Am Abend haben wir es uns gemeinsam gem\u00fctlich gemacht und den Film \u201eAlles steht Kopf\u201c\u00a0angeschaut. Dazu gab&#46;&#46;&#46;<\/p>\n","protected":false},"author":1,"featured_media":8783,"comment_status":"closed","ping_status":"open","sticky":false,"template":"","format":"standard","meta":{"footnotes":""},"categories":[3],"tags":[],"class_list":["post-8780","post","type-post","status-publish","format-standard","has-post-thumbnail","hentry","category-schulleben"],"publishpress_future_action":{"enabled":false,"date":"2026-05-05 13:44:36","action":"change-status","newStatus":"draft","terms":[],"taxonomy":"category","extraData":[]},"publishpress_future_workflow_manual_trigger":{"enabledWorkflows":[]},"_links":{"self":[{"href":"https:\/\/grundschule-muehldorf.de\/index.php?rest_route=\/wp\/v2\/posts\/8780","targetHints":{"allow":["GET"]}}],"collection":[{"href":"https:\/\/grundschule-muehldorf.de\/index.php?rest_route=\/wp\/v2\/posts"}],"about":[{"href":"https:\/\/grundschule-muehldorf.de\/index.php?rest_route=\/wp\/v2\/types\/post"}],"author":[{"embeddable":true,"href":"https:\/\/grundschule-muehldorf.de\/index.php?rest_route=\/wp\/v2\/users\/1"}],"replies":[{"embeddable":true,"href":"https:\/\/grundschule-muehldorf.de\/index.php?rest_route=%2Fwp%2Fv2%2Fcomments&post=8780"}],"version-history":[{"count":1,"href":"https:\/\/grundschule-muehldorf.de\/index.php?rest_route=\/wp\/v2\/posts\/8780\/revisions"}],"predecessor-version":[{"id":8784,"href":"https:\/\/grundschule-muehldorf.de\/index.php?rest_route=\/wp\/v2\/posts\/8780\/revisions\/8784"}],"wp:featuredmedia":[{"embeddable":true,"href":"https:\/\/grundschule-muehldorf.de\/index.php?rest_route=\/wp\/v2\/media\/8783"}],"wp:attachment":[{"href":"https:\/\/grundschule-muehldorf.de\/index.php?rest_route=%2Fwp%2Fv2%2Fmedia&parent=8780"}],"wp:term":[{"taxonomy":"category","embeddable":true,"href":"https:\/\/grundschule-muehldorf.de\/index.php?rest_route=%2Fwp%2Fv2%2Fcategories&post=8780"},{"taxonomy":"post_tag","embeddable":true,"href":"https:\/\/grundschule-muehldorf.de\/index.php?rest_route=%2Fwp%2Fv2%2Ftags&post=8780"}],"curies":[{"name":"wp","href":"https:\/\/api.w.org\/{rel}","templated":true}]}}