{"id":8708,"date":"2026-02-19T06:48:54","date_gmt":"2026-02-19T05:48:54","guid":{"rendered":"https:\/\/grundschule-muehldorf.de\/?p=8708"},"modified":"2026-03-12T06:51:40","modified_gmt":"2026-03-12T05:51:40","slug":"erste-hilfe-kurs-fuer-drittklaessler","status":"publish","type":"post","link":"https:\/\/grundschule-muehldorf.de\/?p=8708","title":{"rendered":"Erste-Hilfe-Kurs f\u00fcr Drittkl\u00e4ssler"},"content":{"rendered":"\n<p>Einen ganzen Tag hat sich Dr. Rasch vom Innklinikum mit seinem Kollegen Zeit genommen und mit allen dritten Klassen die wichtigsten Inhalte der 1. Hilfe besprochen und vor allem auch praktisch ge\u00fcbt. Neben dem Anlegen eines Druckverbandes konnte jeder einzelne Sch\u00fcler die Herzdruckmassage \u00fcben und auch zusehen, wie man einen Defibrillator verwendet. Da waren die Kinder der 3a mit gro\u00dfem Interesse dabei. Vielen Dank daf\u00fcr!<\/p>\n\n\n\n<figure class=\"wp-block-image size-large\"><img decoding=\"async\" src=\"https:\/\/grundschule-muehldorf.de\/wp-content\/uploads\/2026\/03\/Homepage-Foto-1.-Hilfe-3a-1024x710.jpg\" alt=\"\" class=\"wp-image-8709\"\/><\/figure>\n","protected":false},"excerpt":{"rendered":"<p>Einen ganzen Tag hat sich Dr. Rasch vom Innklinikum mit seinem Kollegen Zeit genommen und mit allen dritten Klassen die wichtigsten Inhalte der 1. Hilfe besprochen und vor allem auch praktisch ge\u00fcbt. Neben dem&#46;&#46;&#46;<\/p>\n","protected":false},"author":1,"featured_media":8709,"comment_status":"closed","ping_status":"open","sticky":false,"template":"","format":"standard","meta":{"footnotes":""},"categories":[3],"tags":[],"class_list":["post-8708","post","type-post","status-publish","format-standard","has-post-thumbnail","hentry","category-schulleben"],"publishpress_future_action":{"enabled":false,"date":"2026-05-04 16:25:29","action":"change-status","newStatus":"draft","terms":[],"taxonomy":"category","extraData":[]},"publishpress_future_workflow_manual_trigger":{"enabledWorkflows":[]},"_links":{"self":[{"href":"https:\/\/grundschule-muehldorf.de\/index.php?rest_route=\/wp\/v2\/posts\/8708","targetHints":{"allow":["GET"]}}],"collection":[{"href":"https:\/\/grundschule-muehldorf.de\/index.php?rest_route=\/wp\/v2\/posts"}],"about":[{"href":"https:\/\/grundschule-muehldorf.de\/index.php?rest_route=\/wp\/v2\/types\/post"}],"author":[{"embeddable":true,"href":"https:\/\/grundschule-muehldorf.de\/index.php?rest_route=\/wp\/v2\/users\/1"}],"replies":[{"embeddable":true,"href":"https:\/\/grundschule-muehldorf.de\/index.php?rest_route=%2Fwp%2Fv2%2Fcomments&post=8708"}],"version-history":[{"count":1,"href":"https:\/\/grundschule-muehldorf.de\/index.php?rest_route=\/wp\/v2\/posts\/8708\/revisions"}],"predecessor-version":[{"id":8710,"href":"https:\/\/grundschule-muehldorf.de\/index.php?rest_route=\/wp\/v2\/posts\/8708\/revisions\/8710"}],"wp:featuredmedia":[{"embeddable":true,"href":"https:\/\/grundschule-muehldorf.de\/index.php?rest_route=\/wp\/v2\/media\/8709"}],"wp:attachment":[{"href":"https:\/\/grundschule-muehldorf.de\/index.php?rest_route=%2Fwp%2Fv2%2Fmedia&parent=8708"}],"wp:term":[{"taxonomy":"category","embeddable":true,"href":"https:\/\/grundschule-muehldorf.de\/index.php?rest_route=%2Fwp%2Fv2%2Fcategories&post=8708"},{"taxonomy":"post_tag","embeddable":true,"href":"https:\/\/grundschule-muehldorf.de\/index.php?rest_route=%2Fwp%2Fv2%2Ftags&post=8708"}],"curies":[{"name":"wp","href":"https:\/\/api.w.org\/{rel}","templated":true}]}}