{"id":8199,"date":"2025-05-28T06:49:33","date_gmt":"2025-05-28T04:49:33","guid":{"rendered":"https:\/\/grundschule-muehldorf.de\/?p=8199"},"modified":"2025-05-28T07:04:58","modified_gmt":"2025-05-28T05:04:58","slug":"ein-besonderer-waldtag","status":"publish","type":"post","link":"https:\/\/grundschule-muehldorf.de\/?p=8199","title":{"rendered":"Ein besonderer Waldtag"},"content":{"rendered":"\n<p>Im Herbst 2024 war es endlich so weit, nachdem wir &#8211; die Klasse 3c &#8211; das Thema Wald im Unterricht behandelt hatten: Die Eltern unseres Mitsch\u00fclers Benjamin B. luden uns ein, in ihren eigenen Wald zu kommen und sie bereiteten uns dort einen gro\u00dfartigen Schulvormittag!<\/p>\n\n\n\n<p>Zun\u00e4chst fuhr unsere Klasse nur ein kleines St\u00fcck mit dem Bus an den nahegelegenen Waldrand von M\u00fchldorf. Dort begr\u00fc\u00dfte uns der Vater unseres Mitsch\u00fclers und zeigte uns den Weg Richtung Wald. Der h\u00fcbsche Trampelpfad f\u00fchrte \u00fcber ein kleines B\u00e4chlein mit selbst gebautem Wasserrad und entlang des Weges zeigte Herr B. uns schon die ersten Pflanzen- und Baumarten. \u00a0<\/p>\n\n\n\n<p>Immer wieder blieben wir kurz stehen und h\u00f6rten ihm gebannt zu, wenn er uns genau zeigte, welche Beeren im Wald z.B. giftig sind.<\/p>\n\n\n\n<figure class=\"wp-block-image size-large\"><img loading=\"lazy\" decoding=\"async\" width=\"1024\" height=\"768\" src=\"https:\/\/grundschule-muehldorf.de\/wp-content\/uploads\/2025\/05\/3CDC5953-7732-4BED-8642-87F28DF3F961-1024x768.jpeg\" alt=\"\" class=\"wp-image-8200\" srcset=\"https:\/\/grundschule-muehldorf.de\/wp-content\/uploads\/2025\/05\/3CDC5953-7732-4BED-8642-87F28DF3F961-1024x768.jpeg 1024w, https:\/\/grundschule-muehldorf.de\/wp-content\/uploads\/2025\/05\/3CDC5953-7732-4BED-8642-87F28DF3F961-300x225.jpeg 300w, https:\/\/grundschule-muehldorf.de\/wp-content\/uploads\/2025\/05\/3CDC5953-7732-4BED-8642-87F28DF3F961-768x576.jpeg 768w, https:\/\/grundschule-muehldorf.de\/wp-content\/uploads\/2025\/05\/3CDC5953-7732-4BED-8642-87F28DF3F961-1536x1152.jpeg 1536w, https:\/\/grundschule-muehldorf.de\/wp-content\/uploads\/2025\/05\/3CDC5953-7732-4BED-8642-87F28DF3F961.jpeg 2048w\" sizes=\"auto, (max-width: 1024px) 100vw, 1024px\" \/><\/figure>\n\n\n\n<p><\/p>\n\n\n\n<p>Als wir auf eine kleine Lichtung kamen, erwarteten uns dort die Mutter und der Opa unseres Klassenkameraden. Diese hatten hei\u00dfen Tee und leckere Kartoffelsuppe vorbereitet. Wir konnten uns dort auf kleinen B\u00e4nken im Halbkreis niederlassen und in der Mitte der Lichtung wartete ein gro\u00dfer Kessel Suppe \u00fcber offenem Feuer darauf gegessen zu werden.\u00a0 <\/p>\n\n\n\n<figure class=\"wp-block-image size-large\"><img loading=\"lazy\" decoding=\"async\" width=\"768\" height=\"1024\" src=\"https:\/\/grundschule-muehldorf.de\/wp-content\/uploads\/2025\/05\/IMG_3670-768x1024.jpg\" alt=\"\" class=\"wp-image-8201\" srcset=\"https:\/\/grundschule-muehldorf.de\/wp-content\/uploads\/2025\/05\/IMG_3670-768x1024.jpg 768w, https:\/\/grundschule-muehldorf.de\/wp-content\/uploads\/2025\/05\/IMG_3670-225x300.jpg 225w, https:\/\/grundschule-muehldorf.de\/wp-content\/uploads\/2025\/05\/IMG_3670-1152x1536.jpg 1152w, https:\/\/grundschule-muehldorf.de\/wp-content\/uploads\/2025\/05\/IMG_3670.jpg 1536w\" sizes=\"auto, (max-width: 768px) 100vw, 768px\" \/><\/figure>\n\n\n\n<p>Wir freuten uns alle riesig \u00fcber diese leckere, hei\u00dfe Kartoffelsuppe, in die &#8211; wer wollte \u2013 Frau B. auch W\u00fcrstchen hineinschnitt. Wir machten also Essenspause mit warmen Tee und k\u00f6stlicher Kartoffelsuppe und lauschten dann aufmerksam den Erkl\u00e4rungen von Herrn B., der uns die Zweige verschiedener Baumarten mitgebracht hatte, mit Hilfe derer er uns genau erkl\u00e4rte, woran man sie erkennen kann. <\/p>\n\n\n\n<p>Danach machten wir uns auf, zu einem kleinen Rundgang im Wald, auf dem uns Herr B. weitere wertvolle Informationen gab \u00fcber den Wald. Dabei machte er uns auch auf alle kleinsten, nachwachsenden B\u00e4umchen spielerisch aufmerksam. Wir hatten n\u00e4mlich die Aufgabe, alle kleinen B\u00e4umchen, die am Waldboden zu finden waren, mit Spie\u00dfchen zu kennzeichnen, anstatt sie unachtsam zu zertreten.<\/p>\n\n\n\n<p>Nach dem Rundgang machten wir nochmals eine kleine Pause bei der Lichtung. Wem mittlerweile kalt geworden war, musste nicht frieren. Man konnte sich entweder in warmer Stube &#8211; im geheizten Bauwagen der Familie B. \u2013 aufw\u00e4rmen oder sich drau\u00dfen an das offene Feuer stellen. <\/p>\n\n\n\n<figure class=\"wp-block-image size-large\"><img loading=\"lazy\" decoding=\"async\" width=\"1024\" height=\"768\" src=\"https:\/\/grundschule-muehldorf.de\/wp-content\/uploads\/2025\/05\/IMG_3671-1024x768.jpg\" alt=\"\" class=\"wp-image-8202\" srcset=\"https:\/\/grundschule-muehldorf.de\/wp-content\/uploads\/2025\/05\/IMG_3671-1024x768.jpg 1024w, https:\/\/grundschule-muehldorf.de\/wp-content\/uploads\/2025\/05\/IMG_3671-300x225.jpg 300w, https:\/\/grundschule-muehldorf.de\/wp-content\/uploads\/2025\/05\/IMG_3671-768x576.jpg 768w, https:\/\/grundschule-muehldorf.de\/wp-content\/uploads\/2025\/05\/IMG_3671-1536x1152.jpg 1536w, https:\/\/grundschule-muehldorf.de\/wp-content\/uploads\/2025\/05\/IMG_3671.jpg 2048w\" sizes=\"auto, (max-width: 1024px) 100vw, 1024px\" \/><\/figure>\n\n\n\n<p>Schlie\u00dflich durften wir noch in der N\u00e4he der Lichtung kleine B\u00e4umchen pflanzen. Jedes Kind erhielt von der Mutter unseres Mitsch\u00fclers ein Schildchen, auf das es zun\u00e4chst seinen Namen schrieb.<\/p>\n\n\n\n<p><\/p>\n\n\n\n<figure class=\"wp-block-image size-large\"><img decoding=\"async\" src=\"https:\/\/grundschule-muehldorf.de\/wp-content\/uploads\/2025\/05\/52851828-3094-4D94-ACCB-F888E465662B-768x1024.jpeg\" alt=\"\" class=\"wp-image-8203\"\/><\/figure>\n\n\n\n<p>Hinter dem Bauwagen wartete dann sein Vater mit einem Spaten auf uns und dann ging es los: \u00a0Jeder durfte den Platz bestimmen, an den ein neuer Baum wachsen sollte und dort pflanzte jeder sein eigenes B\u00e4umchen und hing sein Namensschild daran. Wir sind alle gespannt, wie gro\u00df unsere B\u00e4ume einmal werden. <\/p>\n\n\n\n<figure class=\"wp-block-image size-large\"><img loading=\"lazy\" decoding=\"async\" width=\"768\" height=\"1024\" src=\"https:\/\/grundschule-muehldorf.de\/wp-content\/uploads\/2025\/05\/DC73C3BB-8F51-4617-8A5C-1F12EA31846E-768x1024.jpeg\" alt=\"\" class=\"wp-image-8204\" srcset=\"https:\/\/grundschule-muehldorf.de\/wp-content\/uploads\/2025\/05\/DC73C3BB-8F51-4617-8A5C-1F12EA31846E-768x1024.jpeg 768w, https:\/\/grundschule-muehldorf.de\/wp-content\/uploads\/2025\/05\/DC73C3BB-8F51-4617-8A5C-1F12EA31846E-225x300.jpeg 225w, https:\/\/grundschule-muehldorf.de\/wp-content\/uploads\/2025\/05\/DC73C3BB-8F51-4617-8A5C-1F12EA31846E-1152x1536.jpeg 1152w, https:\/\/grundschule-muehldorf.de\/wp-content\/uploads\/2025\/05\/DC73C3BB-8F51-4617-8A5C-1F12EA31846E.jpeg 1536w\" sizes=\"auto, (max-width: 768px) 100vw, 768px\" \/><\/figure>\n\n\n\n<p>Danach ging es dann leider schon wieder zur\u00fcck zur Schule. Schade, dass dieser sch\u00f6ne Vormittag so schnell vorbei ging. Es hat uns sehr viel Spa\u00df gemacht, wir haben viel Neues im Wald entdeckt und \u00fcber ihn gelernt. Wir bedanken uns deshalb herzlich nochmal an dieser Stelle bei Familie B., die mit so viel M\u00fche, kreativen Ideen und Engagement uns ein ganz besonderes Erlebnis im Wald bereitet haben. DANKE!<\/p>\n","protected":false},"excerpt":{"rendered":"<p>Im Herbst 2024 war es endlich so weit, nachdem wir &#8211; die Klasse 3c &#8211; das Thema Wald im Unterricht behandelt hatten: Die Eltern unseres Mitsch\u00fclers Benjamin B. luden uns ein, in ihren eigenen&#46;&#46;&#46;<\/p>\n","protected":false},"author":1,"featured_media":8203,"comment_status":"closed","ping_status":"open","sticky":false,"template":"","format":"standard","meta":{"footnotes":""},"categories":[3],"tags":[],"class_list":["post-8199","post","type-post","status-publish","format-standard","has-post-thumbnail","hentry","category-schulleben"],"publishpress_future_action":{"enabled":false,"date":"2026-05-09 07:51:10","action":"change-status","newStatus":"draft","terms":[],"taxonomy":"category","extraData":[]},"publishpress_future_workflow_manual_trigger":{"enabledWorkflows":[]},"_links":{"self":[{"href":"https:\/\/grundschule-muehldorf.de\/index.php?rest_route=\/wp\/v2\/posts\/8199","targetHints":{"allow":["GET"]}}],"collection":[{"href":"https:\/\/grundschule-muehldorf.de\/index.php?rest_route=\/wp\/v2\/posts"}],"about":[{"href":"https:\/\/grundschule-muehldorf.de\/index.php?rest_route=\/wp\/v2\/types\/post"}],"author":[{"embeddable":true,"href":"https:\/\/grundschule-muehldorf.de\/index.php?rest_route=\/wp\/v2\/users\/1"}],"replies":[{"embeddable":true,"href":"https:\/\/grundschule-muehldorf.de\/index.php?rest_route=%2Fwp%2Fv2%2Fcomments&post=8199"}],"version-history":[{"count":1,"href":"https:\/\/grundschule-muehldorf.de\/index.php?rest_route=\/wp\/v2\/posts\/8199\/revisions"}],"predecessor-version":[{"id":8205,"href":"https:\/\/grundschule-muehldorf.de\/index.php?rest_route=\/wp\/v2\/posts\/8199\/revisions\/8205"}],"wp:featuredmedia":[{"embeddable":true,"href":"https:\/\/grundschule-muehldorf.de\/index.php?rest_route=\/wp\/v2\/media\/8203"}],"wp:attachment":[{"href":"https:\/\/grundschule-muehldorf.de\/index.php?rest_route=%2Fwp%2Fv2%2Fmedia&parent=8199"}],"wp:term":[{"taxonomy":"category","embeddable":true,"href":"https:\/\/grundschule-muehldorf.de\/index.php?rest_route=%2Fwp%2Fv2%2Fcategories&post=8199"},{"taxonomy":"post_tag","embeddable":true,"href":"https:\/\/grundschule-muehldorf.de\/index.php?rest_route=%2Fwp%2Fv2%2Ftags&post=8199"}],"curies":[{"name":"wp","href":"https:\/\/api.w.org\/{rel}","templated":true}]}}