{"id":7804,"date":"2024-11-19T07:04:02","date_gmt":"2024-11-19T06:04:02","guid":{"rendered":"https:\/\/grundschule-muehldorf.de\/?p=7804"},"modified":"2024-11-27T07:06:44","modified_gmt":"2024-11-27T06:06:44","slug":"die-klasse-2b-in-der-weihnachtsbaeckerei","status":"publish","type":"post","link":"https:\/\/grundschule-muehldorf.de\/?p=7804","title":{"rendered":"Die Klasse 2b in der Weihnachtsb\u00e4ckerei"},"content":{"rendered":"\n<p>Am 19.11. war es soweit- die Weihnachtszeit wurde in der Klasse 2b eingel\u00e4utet. Gemeinsam durften wir im Hort wieder Pl\u00e4tzchen backen.<\/p>\n\n\n\n<p>Zuerst wurden die Zutaten f\u00fcr die Vanillekipferl abgewogen und vermengt. Anschlie\u00dfend wurde der Pl\u00e4tzchenteig ordentlich geknetet und schlie\u00dflich in eine sch\u00f6ne Form gebracht.<\/p>\n\n\n\n<p>Nat\u00fcrlich durfte es auch nicht fehlen, die T\u00fcten f\u00fcr die Pl\u00e4tzchen sch\u00f6n zu verzieren.<\/p>\n\n\n\n<p>Nachdem die Vanillekipferl abgek\u00fchlt waren und die Kinder sie probieren durften, haben wir festgestellt, dass in der Klasse 2b wahre Weihnachtsb\u00e4cker und Weihnachtsb\u00e4ckerinnen stecken.<\/p>\n\n\n\n<p>Vielen Dank an den Kinderhort f\u00fcr den tollen Vormittag und die leckeren Pl\u00e4tzchen!<\/p>\n\n\n\n\n\n<figure class=\"wp-block-gallery has-nested-images columns-default is-cropped wp-block-gallery-1 is-layout-flex wp-block-gallery-is-layout-flex\">\n<figure class=\"wp-block-image size-large\"><img loading=\"lazy\" decoding=\"async\" width=\"890\" height=\"1024\" data-id=\"7816\" src=\"https:\/\/grundschule-muehldorf.de\/wp-content\/uploads\/2024\/11\/image_50742273-1-890x1024.jpg\" alt=\"\" class=\"wp-image-7816\" srcset=\"https:\/\/grundschule-muehldorf.de\/wp-content\/uploads\/2024\/11\/image_50742273-1-890x1024.jpg 890w, https:\/\/grundschule-muehldorf.de\/wp-content\/uploads\/2024\/11\/image_50742273-1-261x300.jpg 261w, https:\/\/grundschule-muehldorf.de\/wp-content\/uploads\/2024\/11\/image_50742273-1-768x883.jpg 768w, https:\/\/grundschule-muehldorf.de\/wp-content\/uploads\/2024\/11\/image_50742273-1-1335x1536.jpg 1335w, https:\/\/grundschule-muehldorf.de\/wp-content\/uploads\/2024\/11\/image_50742273-1-1781x2048.jpg 1781w\" sizes=\"auto, (max-width: 890px) 100vw, 890px\" \/><\/figure>\n\n\n\n<figure class=\"wp-block-image size-large\"><img decoding=\"async\" data-id=\"7815\" src=\"https:\/\/grundschule-muehldorf.de\/wp-content\/uploads\/2024\/11\/image_67219201-1-768x1024.jpg\" alt=\"\" class=\"wp-image-7815\"\/><\/figure>\n\n\n\n<figure class=\"wp-block-image size-large\"><img loading=\"lazy\" decoding=\"async\" width=\"768\" height=\"1024\" data-id=\"7813\" src=\"https:\/\/grundschule-muehldorf.de\/wp-content\/uploads\/2024\/11\/image_67224833-1-768x1024.jpg\" alt=\"\" class=\"wp-image-7813\" srcset=\"https:\/\/grundschule-muehldorf.de\/wp-content\/uploads\/2024\/11\/image_67224833-1-768x1024.jpg 768w, https:\/\/grundschule-muehldorf.de\/wp-content\/uploads\/2024\/11\/image_67224833-1-225x300.jpg 225w, https:\/\/grundschule-muehldorf.de\/wp-content\/uploads\/2024\/11\/image_67224833-1-1152x1536.jpg 1152w, https:\/\/grundschule-muehldorf.de\/wp-content\/uploads\/2024\/11\/image_67224833-1-1536x2048.jpg 1536w, https:\/\/grundschule-muehldorf.de\/wp-content\/uploads\/2024\/11\/image_67224833-1-scaled.jpg 1920w\" sizes=\"auto, (max-width: 768px) 100vw, 768px\" \/><\/figure>\n\n\n\n<figure class=\"wp-block-image size-large\"><img loading=\"lazy\" decoding=\"async\" width=\"768\" height=\"1024\" data-id=\"7811\" src=\"https:\/\/grundschule-muehldorf.de\/wp-content\/uploads\/2024\/11\/image_67530753-1-768x1024.jpg\" alt=\"\" class=\"wp-image-7811\" srcset=\"https:\/\/grundschule-muehldorf.de\/wp-content\/uploads\/2024\/11\/image_67530753-1-768x1024.jpg 768w, https:\/\/grundschule-muehldorf.de\/wp-content\/uploads\/2024\/11\/image_67530753-1-225x300.jpg 225w, https:\/\/grundschule-muehldorf.de\/wp-content\/uploads\/2024\/11\/image_67530753-1-1152x1536.jpg 1152w, https:\/\/grundschule-muehldorf.de\/wp-content\/uploads\/2024\/11\/image_67530753-1-1536x2048.jpg 1536w, https:\/\/grundschule-muehldorf.de\/wp-content\/uploads\/2024\/11\/image_67530753-1-scaled.jpg 1920w\" sizes=\"auto, (max-width: 768px) 100vw, 768px\" \/><\/figure>\n\n\n\n<figure class=\"wp-block-image size-large\"><img loading=\"lazy\" decoding=\"async\" width=\"768\" height=\"1024\" data-id=\"7814\" src=\"https:\/\/grundschule-muehldorf.de\/wp-content\/uploads\/2024\/11\/image_67502849-1-768x1024.jpg\" alt=\"\" class=\"wp-image-7814\" srcset=\"https:\/\/grundschule-muehldorf.de\/wp-content\/uploads\/2024\/11\/image_67502849-1-768x1024.jpg 768w, https:\/\/grundschule-muehldorf.de\/wp-content\/uploads\/2024\/11\/image_67502849-1-225x300.jpg 225w, https:\/\/grundschule-muehldorf.de\/wp-content\/uploads\/2024\/11\/image_67502849-1-1152x1536.jpg 1152w, https:\/\/grundschule-muehldorf.de\/wp-content\/uploads\/2024\/11\/image_67502849-1-1536x2048.jpg 1536w, https:\/\/grundschule-muehldorf.de\/wp-content\/uploads\/2024\/11\/image_67502849-1-scaled.jpg 1920w\" sizes=\"auto, (max-width: 768px) 100vw, 768px\" \/><\/figure>\n\n\n\n<figure class=\"wp-block-image size-large\"><img loading=\"lazy\" decoding=\"async\" width=\"768\" height=\"1024\" data-id=\"7812\" src=\"https:\/\/grundschule-muehldorf.de\/wp-content\/uploads\/2024\/11\/image_67207425-1-768x1024.jpg\" alt=\"\" class=\"wp-image-7812\" srcset=\"https:\/\/grundschule-muehldorf.de\/wp-content\/uploads\/2024\/11\/image_67207425-1-768x1024.jpg 768w, https:\/\/grundschule-muehldorf.de\/wp-content\/uploads\/2024\/11\/image_67207425-1-225x300.jpg 225w, https:\/\/grundschule-muehldorf.de\/wp-content\/uploads\/2024\/11\/image_67207425-1-1152x1536.jpg 1152w, https:\/\/grundschule-muehldorf.de\/wp-content\/uploads\/2024\/11\/image_67207425-1-1536x2048.jpg 1536w, https:\/\/grundschule-muehldorf.de\/wp-content\/uploads\/2024\/11\/image_67207425-1-scaled.jpg 1920w\" sizes=\"auto, (max-width: 768px) 100vw, 768px\" \/><\/figure>\n<\/figure>\n","protected":false},"excerpt":{"rendered":"<p>Am 19.11. war es soweit- die Weihnachtszeit wurde in der Klasse 2b eingel\u00e4utet. Gemeinsam durften wir im Hort wieder Pl\u00e4tzchen backen. Zuerst wurden die Zutaten f\u00fcr die Vanillekipferl abgewogen und vermengt. Anschlie\u00dfend wurde der&#46;&#46;&#46;<\/p>\n","protected":false},"author":1,"featured_media":7815,"comment_status":"closed","ping_status":"open","sticky":false,"template":"","format":"standard","meta":{"footnotes":""},"categories":[3],"tags":[],"class_list":["post-7804","post","type-post","status-publish","format-standard","has-post-thumbnail","hentry","category-schulleben"],"publishpress_future_action":{"enabled":false,"date":"2026-05-05 17:24:11","action":"change-status","newStatus":"draft","terms":[],"taxonomy":"category","extraData":[]},"publishpress_future_workflow_manual_trigger":{"enabledWorkflows":[]},"_links":{"self":[{"href":"https:\/\/grundschule-muehldorf.de\/index.php?rest_route=\/wp\/v2\/posts\/7804","targetHints":{"allow":["GET"]}}],"collection":[{"href":"https:\/\/grundschule-muehldorf.de\/index.php?rest_route=\/wp\/v2\/posts"}],"about":[{"href":"https:\/\/grundschule-muehldorf.de\/index.php?rest_route=\/wp\/v2\/types\/post"}],"author":[{"embeddable":true,"href":"https:\/\/grundschule-muehldorf.de\/index.php?rest_route=\/wp\/v2\/users\/1"}],"replies":[{"embeddable":true,"href":"https:\/\/grundschule-muehldorf.de\/index.php?rest_route=%2Fwp%2Fv2%2Fcomments&post=7804"}],"version-history":[{"count":1,"href":"https:\/\/grundschule-muehldorf.de\/index.php?rest_route=\/wp\/v2\/posts\/7804\/revisions"}],"predecessor-version":[{"id":7817,"href":"https:\/\/grundschule-muehldorf.de\/index.php?rest_route=\/wp\/v2\/posts\/7804\/revisions\/7817"}],"wp:featuredmedia":[{"embeddable":true,"href":"https:\/\/grundschule-muehldorf.de\/index.php?rest_route=\/wp\/v2\/media\/7815"}],"wp:attachment":[{"href":"https:\/\/grundschule-muehldorf.de\/index.php?rest_route=%2Fwp%2Fv2%2Fmedia&parent=7804"}],"wp:term":[{"taxonomy":"category","embeddable":true,"href":"https:\/\/grundschule-muehldorf.de\/index.php?rest_route=%2Fwp%2Fv2%2Fcategories&post=7804"},{"taxonomy":"post_tag","embeddable":true,"href":"https:\/\/grundschule-muehldorf.de\/index.php?rest_route=%2Fwp%2Fv2%2Ftags&post=7804"}],"curies":[{"name":"wp","href":"https:\/\/api.w.org\/{rel}","templated":true}]}}