{"id":7514,"date":"2024-07-13T18:08:11","date_gmt":"2024-07-13T16:08:11","guid":{"rendered":"https:\/\/grundschule-muehldorf.de\/?p=7514"},"modified":"2024-07-13T18:08:12","modified_gmt":"2024-07-13T16:08:12","slug":"mission-titelverteidigung","status":"publish","type":"post","link":"https:\/\/grundschule-muehldorf.de\/?p=7514","title":{"rendered":"Mission Titelverteidigung"},"content":{"rendered":"\n<p>Am Mittwoch, den 10. Juli 2024 machten sich sechs M\u00e4dchen und sechs Jungen der Grundschule M\u00fchldorf-Altm\u00fchldorf auf den Weg zum Sportplatz der Mittelschule. Dort fand das allj\u00e4hrliche Kreissportfest statt. Ziel war es, genauso wie letztes Jahr, den ersten Platz zu erreichen.<\/p>\n\n\n\n<p>Die teilnehmenden Sch\u00fclerinnen und Sch\u00fcler wurden nach ihren hervorragenden Leistungen bei den schulinternen Bundesjugendspielen ausgew\u00e4hlt. Somit traten die besten Kinder der Schule in den Disziplinen Weitsprung, Sprint, Wurf, Dauerlauf, Medizinballsto\u00dfen, Hochsprung und Sackh\u00fcpfen an.<\/p>\n\n\n\n<p>Am Ende fand eine Siegerehrung statt, bei der die Platzierungen der 15 verschiedenen Schulen verk\u00fcndet wurden. Die Sch\u00fclerinnen und Sch\u00fcler fieberten die ganze Zeit mit. Als dann der zweite Platz verk\u00fcndet wurde, war den Athleten bereits klar, dass wir es wieder auf den ersten Platz geschafft haben. Die Freude war riesig!<\/p>\n\n\n\n<p>Als wir wieder zur Schule zur\u00fcckkamen, lie\u00dfen sich die Kinder geb\u00fchrend feiern mit ihren Goldmedaillen.<\/p>\n\n\n\n<p><img loading=\"lazy\" decoding=\"async\" class=\"alignnone size-medium wp-image-7517\" src=\"http:\/\/grundschule-muehldorf.de\/wp-content\/uploads\/2024\/07\/IMG_1250-e1720886860550-300x200.jpg\" alt=\"\" width=\"300\" height=\"200\" srcset=\"https:\/\/grundschule-muehldorf.de\/wp-content\/uploads\/2024\/07\/IMG_1250-e1720886860550-300x200.jpg 300w, https:\/\/grundschule-muehldorf.de\/wp-content\/uploads\/2024\/07\/IMG_1250-e1720886860550-1024x683.jpg 1024w, https:\/\/grundschule-muehldorf.de\/wp-content\/uploads\/2024\/07\/IMG_1250-e1720886860550-768x512.jpg 768w, https:\/\/grundschule-muehldorf.de\/wp-content\/uploads\/2024\/07\/IMG_1250-e1720886860550-1536x1024.jpg 1536w, https:\/\/grundschule-muehldorf.de\/wp-content\/uploads\/2024\/07\/IMG_1250-e1720886860550.jpg 2016w\" sizes=\"auto, (max-width: 300px) 100vw, 300px\" \/> <img loading=\"lazy\" decoding=\"async\" class=\"alignnone size-medium wp-image-7516\" src=\"http:\/\/grundschule-muehldorf.de\/wp-content\/uploads\/2024\/07\/IMG_1241-300x225.jpg\" alt=\"\" width=\"300\" height=\"225\" srcset=\"https:\/\/grundschule-muehldorf.de\/wp-content\/uploads\/2024\/07\/IMG_1241-300x225.jpg 300w, https:\/\/grundschule-muehldorf.de\/wp-content\/uploads\/2024\/07\/IMG_1241-1024x768.jpg 1024w, https:\/\/grundschule-muehldorf.de\/wp-content\/uploads\/2024\/07\/IMG_1241-768x576.jpg 768w, https:\/\/grundschule-muehldorf.de\/wp-content\/uploads\/2024\/07\/IMG_1241-1536x1152.jpg 1536w, https:\/\/grundschule-muehldorf.de\/wp-content\/uploads\/2024\/07\/IMG_1241.jpg 2016w\" sizes=\"auto, (max-width: 300px) 100vw, 300px\" \/> <img loading=\"lazy\" decoding=\"async\" class=\"alignnone size-medium wp-image-7515\" src=\"http:\/\/grundschule-muehldorf.de\/wp-content\/uploads\/2024\/07\/IMG_1232-300x225.jpg\" alt=\"\" width=\"300\" height=\"225\" srcset=\"https:\/\/grundschule-muehldorf.de\/wp-content\/uploads\/2024\/07\/IMG_1232-300x225.jpg 300w, https:\/\/grundschule-muehldorf.de\/wp-content\/uploads\/2024\/07\/IMG_1232-1024x768.jpg 1024w, https:\/\/grundschule-muehldorf.de\/wp-content\/uploads\/2024\/07\/IMG_1232-768x576.jpg 768w, https:\/\/grundschule-muehldorf.de\/wp-content\/uploads\/2024\/07\/IMG_1232-1536x1152.jpg 1536w, https:\/\/grundschule-muehldorf.de\/wp-content\/uploads\/2024\/07\/IMG_1232.jpg 2016w\" sizes=\"auto, (max-width: 300px) 100vw, 300px\" \/><\/p>\n","protected":false},"excerpt":{"rendered":"<p>Am Mittwoch, den 10. Juli 2024 machten sich sechs M\u00e4dchen und sechs Jungen der Grundschule M\u00fchldorf-Altm\u00fchldorf auf den Weg zum Sportplatz der Mittelschule. Dort fand das allj\u00e4hrliche Kreissportfest statt. Ziel war es, genauso wie&#46;&#46;&#46;<\/p>\n","protected":false},"author":1,"featured_media":7517,"comment_status":"closed","ping_status":"open","sticky":false,"template":"","format":"standard","meta":{"footnotes":""},"categories":[3],"tags":[],"class_list":["post-7514","post","type-post","status-publish","format-standard","has-post-thumbnail","hentry","category-schulleben"],"publishpress_future_action":{"enabled":false,"date":"2026-05-10 10:24:20","action":"change-status","newStatus":"draft","terms":[],"taxonomy":"category","extraData":[]},"publishpress_future_workflow_manual_trigger":{"enabledWorkflows":[]},"_links":{"self":[{"href":"https:\/\/grundschule-muehldorf.de\/index.php?rest_route=\/wp\/v2\/posts\/7514","targetHints":{"allow":["GET"]}}],"collection":[{"href":"https:\/\/grundschule-muehldorf.de\/index.php?rest_route=\/wp\/v2\/posts"}],"about":[{"href":"https:\/\/grundschule-muehldorf.de\/index.php?rest_route=\/wp\/v2\/types\/post"}],"author":[{"embeddable":true,"href":"https:\/\/grundschule-muehldorf.de\/index.php?rest_route=\/wp\/v2\/users\/1"}],"replies":[{"embeddable":true,"href":"https:\/\/grundschule-muehldorf.de\/index.php?rest_route=%2Fwp%2Fv2%2Fcomments&post=7514"}],"version-history":[{"count":1,"href":"https:\/\/grundschule-muehldorf.de\/index.php?rest_route=\/wp\/v2\/posts\/7514\/revisions"}],"predecessor-version":[{"id":7518,"href":"https:\/\/grundschule-muehldorf.de\/index.php?rest_route=\/wp\/v2\/posts\/7514\/revisions\/7518"}],"wp:featuredmedia":[{"embeddable":true,"href":"https:\/\/grundschule-muehldorf.de\/index.php?rest_route=\/wp\/v2\/media\/7517"}],"wp:attachment":[{"href":"https:\/\/grundschule-muehldorf.de\/index.php?rest_route=%2Fwp%2Fv2%2Fmedia&parent=7514"}],"wp:term":[{"taxonomy":"category","embeddable":true,"href":"https:\/\/grundschule-muehldorf.de\/index.php?rest_route=%2Fwp%2Fv2%2Fcategories&post=7514"},{"taxonomy":"post_tag","embeddable":true,"href":"https:\/\/grundschule-muehldorf.de\/index.php?rest_route=%2Fwp%2Fv2%2Ftags&post=7514"}],"curies":[{"name":"wp","href":"https:\/\/api.w.org\/{rel}","templated":true}]}}