{"id":7408,"date":"2023-10-16T07:15:05","date_gmt":"2023-10-16T05:15:05","guid":{"rendered":"https:\/\/grundschule-muehldorf.de\/?p=7408"},"modified":"2024-06-24T07:16:43","modified_gmt":"2024-06-24T05:16:43","slug":"herbstliche-kunstwerke","status":"publish","type":"post","link":"https:\/\/grundschule-muehldorf.de\/?p=7408","title":{"rendered":"Herbstliche Kunstwerke"},"content":{"rendered":"\n<p>Der Herbst l\u00e4dt alle Jahre wieder zum Basteln und kreativen Arbeiten mit Materialien aus der Natur ein. Die Klasse 2a schaute sich auf dem Altm\u00fchldorfer Pausenhof um und gestaltete in Gruppen Mandalas. Leider waren diese Kunstwerke sehr verg\u00e4nglich, da sie oft nach wenigen Sekunden von der n\u00e4chsten Windb\u00f6e zerst\u00f6rt wurden. Etwas haltbarer waren da die Bl\u00e4tterkr\u00e4nze, die die Kinder im WG-Unterricht aus buntem Herbstlaub bastelten.<\/p>\n<p>\u00a0<\/p>\n\n\n\n<figure class=\"wp-block-gallery has-nested-images columns-default is-cropped wp-block-gallery-1 is-layout-flex wp-block-gallery-is-layout-flex\">\n<figure class=\"wp-block-image size-large\"><img loading=\"lazy\" decoding=\"async\" width=\"768\" height=\"1024\" data-id=\"7410\" src=\"https:\/\/grundschule-muehldorf.de\/wp-content\/uploads\/2024\/06\/20231108_101718-768x1024.jpg\" alt=\"\" class=\"wp-image-7410\" srcset=\"https:\/\/grundschule-muehldorf.de\/wp-content\/uploads\/2024\/06\/20231108_101718-768x1024.jpg 768w, https:\/\/grundschule-muehldorf.de\/wp-content\/uploads\/2024\/06\/20231108_101718-225x300.jpg 225w, https:\/\/grundschule-muehldorf.de\/wp-content\/uploads\/2024\/06\/20231108_101718-1152x1536.jpg 1152w, https:\/\/grundschule-muehldorf.de\/wp-content\/uploads\/2024\/06\/20231108_101718-1536x2048.jpg 1536w, https:\/\/grundschule-muehldorf.de\/wp-content\/uploads\/2024\/06\/20231108_101718-scaled.jpg 1920w\" sizes=\"auto, (max-width: 768px) 100vw, 768px\" \/><\/figure>\n\n\n\n<figure class=\"wp-block-image size-large\"><img decoding=\"async\" data-id=\"7409\" src=\"https:\/\/grundschule-muehldorf.de\/wp-content\/uploads\/2024\/06\/20231115_140521-1024x768.jpg\" alt=\"\" class=\"wp-image-7409\"\/><\/figure>\n<\/figure>\n","protected":false},"excerpt":{"rendered":"<p>Der Herbst l\u00e4dt alle Jahre wieder zum Basteln und kreativen Arbeiten mit Materialien aus der Natur ein. Die Klasse 2a schaute sich auf dem Altm\u00fchldorfer Pausenhof um und gestaltete in Gruppen Mandalas. Leider waren&#46;&#46;&#46;<\/p>\n","protected":false},"author":1,"featured_media":7409,"comment_status":"closed","ping_status":"open","sticky":false,"template":"","format":"standard","meta":{"footnotes":""},"categories":[3],"tags":[],"class_list":["post-7408","post","type-post","status-publish","format-standard","has-post-thumbnail","hentry","category-schulleben"],"publishpress_future_action":{"enabled":false,"date":"2026-05-04 22:01:04","action":"change-status","newStatus":"draft","terms":[],"taxonomy":"category","extraData":[]},"publishpress_future_workflow_manual_trigger":{"enabledWorkflows":[]},"_links":{"self":[{"href":"https:\/\/grundschule-muehldorf.de\/index.php?rest_route=\/wp\/v2\/posts\/7408","targetHints":{"allow":["GET"]}}],"collection":[{"href":"https:\/\/grundschule-muehldorf.de\/index.php?rest_route=\/wp\/v2\/posts"}],"about":[{"href":"https:\/\/grundschule-muehldorf.de\/index.php?rest_route=\/wp\/v2\/types\/post"}],"author":[{"embeddable":true,"href":"https:\/\/grundschule-muehldorf.de\/index.php?rest_route=\/wp\/v2\/users\/1"}],"replies":[{"embeddable":true,"href":"https:\/\/grundschule-muehldorf.de\/index.php?rest_route=%2Fwp%2Fv2%2Fcomments&post=7408"}],"version-history":[{"count":1,"href":"https:\/\/grundschule-muehldorf.de\/index.php?rest_route=\/wp\/v2\/posts\/7408\/revisions"}],"predecessor-version":[{"id":7411,"href":"https:\/\/grundschule-muehldorf.de\/index.php?rest_route=\/wp\/v2\/posts\/7408\/revisions\/7411"}],"wp:featuredmedia":[{"embeddable":true,"href":"https:\/\/grundschule-muehldorf.de\/index.php?rest_route=\/wp\/v2\/media\/7409"}],"wp:attachment":[{"href":"https:\/\/grundschule-muehldorf.de\/index.php?rest_route=%2Fwp%2Fv2%2Fmedia&parent=7408"}],"wp:term":[{"taxonomy":"category","embeddable":true,"href":"https:\/\/grundschule-muehldorf.de\/index.php?rest_route=%2Fwp%2Fv2%2Fcategories&post=7408"},{"taxonomy":"post_tag","embeddable":true,"href":"https:\/\/grundschule-muehldorf.de\/index.php?rest_route=%2Fwp%2Fv2%2Ftags&post=7408"}],"curies":[{"name":"wp","href":"https:\/\/api.w.org\/{rel}","templated":true}]}}