{"id":6643,"date":"2023-05-24T10:25:19","date_gmt":"2023-05-24T08:25:19","guid":{"rendered":"http:\/\/grundschule-muehldorf.de\/?p=6643"},"modified":"2023-06-19T10:50:52","modified_gmt":"2023-06-19T08:50:52","slug":"das-glueck-der-erde","status":"publish","type":"post","link":"https:\/\/grundschule-muehldorf.de\/?p=6643","title":{"rendered":"Das Gl\u00fcck der Erde&#8230;"},"content":{"rendered":"\n<p>\u2026 liegt auf dem R\u00fccken der Pferde, so hei\u00dft es in einem Sprichwort.<\/p>\n\n\n\n<p>Wir, die Klassen 1g und 2g, durften mehrmals den Pferdehof in Ecksberg besuchen. Dort hatten wir die Gelegenheit die Pferde kennenzulernen, zu striegeln und zu putzen. Am Ende des zweiten Tages durften wir uns sogar auf die Pferde setzen und verschiedene Dinge f\u00fchlen. Wir konzentrierten uns auf die Atmung, das weiche Fell und die M\u00e4hne. Au\u00dferdem fanden wir es sehr spannend, dass sich die Ohren der Pferde genau dorthin bewegten, wo sie etwas h\u00f6rten.<\/p>\n\n\n\n<p>Wir freuen uns bereits auf unseren letzten Ausflug nach Ecksberg, denn dann d\u00fcrfen wir mit den Pferden ausreiten.<\/p>\n\n\n\n<figure class=\"wp-block-gallery has-nested-images columns-default is-cropped wp-block-gallery-1 is-layout-flex wp-block-gallery-is-layout-flex\">\n<figure class=\"wp-block-image size-large\"><a href=\"http:\/\/grundschule-muehldorf.de\/wp-content\/uploads\/2023\/05\/230524_1gReiten_01.jpg\"><img loading=\"lazy\" decoding=\"async\" width=\"1000\" height=\"667\" data-id=\"6645\" src=\"http:\/\/grundschule-muehldorf.de\/wp-content\/uploads\/2023\/05\/230524_1gReiten_01.jpg\" alt=\"\" class=\"wp-image-6645\" srcset=\"https:\/\/grundschule-muehldorf.de\/wp-content\/uploads\/2023\/05\/230524_1gReiten_01.jpg 1000w, https:\/\/grundschule-muehldorf.de\/wp-content\/uploads\/2023\/05\/230524_1gReiten_01-300x200.jpg 300w, https:\/\/grundschule-muehldorf.de\/wp-content\/uploads\/2023\/05\/230524_1gReiten_01-768x512.jpg 768w\" sizes=\"auto, (max-width: 1000px) 100vw, 1000px\" \/><\/a><\/figure>\n\n\n\n<figure class=\"wp-block-image size-large\"><a href=\"http:\/\/grundschule-muehldorf.de\/wp-content\/uploads\/2023\/05\/230524_1gReiten_02.jpg\"><img loading=\"lazy\" decoding=\"async\" width=\"1000\" height=\"667\" data-id=\"6644\" src=\"http:\/\/grundschule-muehldorf.de\/wp-content\/uploads\/2023\/05\/230524_1gReiten_02.jpg\" alt=\"\" class=\"wp-image-6644\" srcset=\"https:\/\/grundschule-muehldorf.de\/wp-content\/uploads\/2023\/05\/230524_1gReiten_02.jpg 1000w, https:\/\/grundschule-muehldorf.de\/wp-content\/uploads\/2023\/05\/230524_1gReiten_02-300x200.jpg 300w, https:\/\/grundschule-muehldorf.de\/wp-content\/uploads\/2023\/05\/230524_1gReiten_02-768x512.jpg 768w\" sizes=\"auto, (max-width: 1000px) 100vw, 1000px\" \/><\/a><\/figure>\n\n\n\n<figure class=\"wp-block-image size-large\"><a href=\"http:\/\/grundschule-muehldorf.de\/wp-content\/uploads\/2023\/05\/230524_1gReiten_03.jpg\"><img loading=\"lazy\" decoding=\"async\" width=\"1000\" height=\"667\" data-id=\"6647\" src=\"http:\/\/grundschule-muehldorf.de\/wp-content\/uploads\/2023\/05\/230524_1gReiten_03.jpg\" alt=\"\" class=\"wp-image-6647\" srcset=\"https:\/\/grundschule-muehldorf.de\/wp-content\/uploads\/2023\/05\/230524_1gReiten_03.jpg 1000w, https:\/\/grundschule-muehldorf.de\/wp-content\/uploads\/2023\/05\/230524_1gReiten_03-300x200.jpg 300w, https:\/\/grundschule-muehldorf.de\/wp-content\/uploads\/2023\/05\/230524_1gReiten_03-768x512.jpg 768w\" sizes=\"auto, (max-width: 1000px) 100vw, 1000px\" \/><\/a><\/figure>\n\n\n\n<figure class=\"wp-block-image size-large\"><a href=\"http:\/\/grundschule-muehldorf.de\/wp-content\/uploads\/2023\/05\/230524_1gReiten_04.jpg\"><img loading=\"lazy\" decoding=\"async\" width=\"1000\" height=\"667\" data-id=\"6646\" src=\"http:\/\/grundschule-muehldorf.de\/wp-content\/uploads\/2023\/05\/230524_1gReiten_04.jpg\" alt=\"\" class=\"wp-image-6646\" srcset=\"https:\/\/grundschule-muehldorf.de\/wp-content\/uploads\/2023\/05\/230524_1gReiten_04.jpg 1000w, https:\/\/grundschule-muehldorf.de\/wp-content\/uploads\/2023\/05\/230524_1gReiten_04-300x200.jpg 300w, https:\/\/grundschule-muehldorf.de\/wp-content\/uploads\/2023\/05\/230524_1gReiten_04-768x512.jpg 768w\" sizes=\"auto, (max-width: 1000px) 100vw, 1000px\" \/><\/a><\/figure>\n<\/figure>\n","protected":false},"excerpt":{"rendered":"<p>\u2026 liegt auf dem R\u00fccken der Pferde, so hei\u00dft es in einem Sprichwort. Wir, die Klassen 1g und 2g, durften mehrmals den Pferdehof in Ecksberg besuchen. Dort hatten wir die Gelegenheit die Pferde kennenzulernen,&#46;&#46;&#46;<\/p>\n","protected":false},"author":1,"featured_media":6645,"comment_status":"closed","ping_status":"open","sticky":false,"template":"","format":"standard","meta":{"footnotes":""},"categories":[3],"tags":[],"class_list":["post-6643","post","type-post","status-publish","format-standard","has-post-thumbnail","hentry","category-schulleben"],"publishpress_future_action":{"enabled":false,"date":"2026-05-04 23:14:33","action":"change-status","newStatus":"draft","terms":[],"taxonomy":"category","extraData":[]},"publishpress_future_workflow_manual_trigger":{"enabledWorkflows":[]},"_links":{"self":[{"href":"https:\/\/grundschule-muehldorf.de\/index.php?rest_route=\/wp\/v2\/posts\/6643","targetHints":{"allow":["GET"]}}],"collection":[{"href":"https:\/\/grundschule-muehldorf.de\/index.php?rest_route=\/wp\/v2\/posts"}],"about":[{"href":"https:\/\/grundschule-muehldorf.de\/index.php?rest_route=\/wp\/v2\/types\/post"}],"author":[{"embeddable":true,"href":"https:\/\/grundschule-muehldorf.de\/index.php?rest_route=\/wp\/v2\/users\/1"}],"replies":[{"embeddable":true,"href":"https:\/\/grundschule-muehldorf.de\/index.php?rest_route=%2Fwp%2Fv2%2Fcomments&post=6643"}],"version-history":[{"count":2,"href":"https:\/\/grundschule-muehldorf.de\/index.php?rest_route=\/wp\/v2\/posts\/6643\/revisions"}],"predecessor-version":[{"id":6688,"href":"https:\/\/grundschule-muehldorf.de\/index.php?rest_route=\/wp\/v2\/posts\/6643\/revisions\/6688"}],"wp:featuredmedia":[{"embeddable":true,"href":"https:\/\/grundschule-muehldorf.de\/index.php?rest_route=\/wp\/v2\/media\/6645"}],"wp:attachment":[{"href":"https:\/\/grundschule-muehldorf.de\/index.php?rest_route=%2Fwp%2Fv2%2Fmedia&parent=6643"}],"wp:term":[{"taxonomy":"category","embeddable":true,"href":"https:\/\/grundschule-muehldorf.de\/index.php?rest_route=%2Fwp%2Fv2%2Fcategories&post=6643"},{"taxonomy":"post_tag","embeddable":true,"href":"https:\/\/grundschule-muehldorf.de\/index.php?rest_route=%2Fwp%2Fv2%2Ftags&post=6643"}],"curies":[{"name":"wp","href":"https:\/\/api.w.org\/{rel}","templated":true}]}}