{"id":6555,"date":"2023-03-28T10:10:59","date_gmt":"2023-03-28T08:10:59","guid":{"rendered":"http:\/\/grundschule-muehldorf.de\/?p=6555"},"modified":"2023-03-31T10:16:13","modified_gmt":"2023-03-31T08:16:13","slug":"hurra-ein-ei","status":"publish","type":"post","link":"https:\/\/grundschule-muehldorf.de\/?p=6555","title":{"rendered":"Hurra, ein Ei!"},"content":{"rendered":"\n<p>Dann zwei, dann drei\u2026!<\/p>\n\n\n\n<p>Die Osterzeit ist eine farbenfrohe Zeit, ganz besonders im Kunstunterricht der Klasse 1b.<\/p>\n\n\n\n<p>Es war so, dass der Osterhase in seiner Malerwerkstatt nur noch rote, gelbe und blaue Farbt\u00f6pfe vorgefunden hat \u2013 und er wollte doch die Eier sch\u00f6n bunt bemalen. Die Kinder halfen gerne und mischten stellvertretend f\u00fcr ihn aus den drei Grundfarben auch Orange, Violett und Gr\u00fcn. Gewusst wie!<\/p>\n\n\n\n<figure class=\"wp-block-image size-medium\"><a href=\"http:\/\/grundschule-muehldorf.de\/wp-content\/uploads\/2023\/03\/230328_2bHurraeinEi_04-1.jpg\"><img loading=\"lazy\" decoding=\"async\" width=\"200\" height=\"300\" src=\"http:\/\/grundschule-muehldorf.de\/wp-content\/uploads\/2023\/03\/230328_2bHurraeinEi_04-1-200x300.jpg\" alt=\"\" class=\"wp-image-6559\" srcset=\"https:\/\/grundschule-muehldorf.de\/wp-content\/uploads\/2023\/03\/230328_2bHurraeinEi_04-1-200x300.jpg 200w, https:\/\/grundschule-muehldorf.de\/wp-content\/uploads\/2023\/03\/230328_2bHurraeinEi_04-1.jpg 667w\" sizes=\"auto, (max-width: 200px) 100vw, 200px\" \/><\/a><\/figure>\n\n\n\n<figure class=\"wp-block-image size-medium\"><a href=\"http:\/\/grundschule-muehldorf.de\/wp-content\/uploads\/2023\/03\/230328_2bHurraeinEi_03.jpg\"><img loading=\"lazy\" decoding=\"async\" width=\"300\" height=\"200\" src=\"http:\/\/grundschule-muehldorf.de\/wp-content\/uploads\/2023\/03\/230328_2bHurraeinEi_03-300x200.jpg\" alt=\"\" class=\"wp-image-6557\" srcset=\"https:\/\/grundschule-muehldorf.de\/wp-content\/uploads\/2023\/03\/230328_2bHurraeinEi_03-300x200.jpg 300w, https:\/\/grundschule-muehldorf.de\/wp-content\/uploads\/2023\/03\/230328_2bHurraeinEi_03-768x512.jpg 768w, https:\/\/grundschule-muehldorf.de\/wp-content\/uploads\/2023\/03\/230328_2bHurraeinEi_03.jpg 1000w\" sizes=\"auto, (max-width: 300px) 100vw, 300px\" \/><\/a><\/figure>\n\n\n\n<p>Auch der Osterhase selbst wurde portr\u00e4tiert. Dieses Mal verwendeten die Kinder Pastellkreiden und verwischten die unterschiedlichen Farbt\u00f6ne erst auf dem Papier mit den Fingern zu einer Farbfl\u00e4che.<\/p>\n\n\n\n<figure class=\"wp-block-gallery has-nested-images columns-default is-cropped wp-block-gallery-1 is-layout-flex wp-block-gallery-is-layout-flex\">\n<figure class=\"wp-block-image size-large\"><a href=\"http:\/\/grundschule-muehldorf.de\/wp-content\/uploads\/2023\/03\/230328_2bHurraeinEi_01-1.jpg\"><img loading=\"lazy\" decoding=\"async\" width=\"666\" height=\"1000\" data-id=\"6561\" src=\"http:\/\/grundschule-muehldorf.de\/wp-content\/uploads\/2023\/03\/230328_2bHurraeinEi_01-1.jpg\" alt=\"\" class=\"wp-image-6561\" srcset=\"https:\/\/grundschule-muehldorf.de\/wp-content\/uploads\/2023\/03\/230328_2bHurraeinEi_01-1.jpg 666w, https:\/\/grundschule-muehldorf.de\/wp-content\/uploads\/2023\/03\/230328_2bHurraeinEi_01-1-200x300.jpg 200w\" sizes=\"auto, (max-width: 666px) 100vw, 666px\" \/><\/a><\/figure>\n\n\n\n<figure class=\"wp-block-image size-large\"><a href=\"http:\/\/grundschule-muehldorf.de\/wp-content\/uploads\/2023\/03\/230328_2bHurraeinEi_02.jpg\"><img loading=\"lazy\" decoding=\"async\" width=\"667\" height=\"1000\" data-id=\"6560\" src=\"http:\/\/grundschule-muehldorf.de\/wp-content\/uploads\/2023\/03\/230328_2bHurraeinEi_02.jpg\" alt=\"\" class=\"wp-image-6560\" srcset=\"https:\/\/grundschule-muehldorf.de\/wp-content\/uploads\/2023\/03\/230328_2bHurraeinEi_02.jpg 667w, https:\/\/grundschule-muehldorf.de\/wp-content\/uploads\/2023\/03\/230328_2bHurraeinEi_02-200x300.jpg 200w\" sizes=\"auto, (max-width: 667px) 100vw, 667px\" \/><\/a><\/figure>\n<\/figure>\n","protected":false},"excerpt":{"rendered":"<p>Dann zwei, dann drei\u2026! Die Osterzeit ist eine farbenfrohe Zeit, ganz besonders im Kunstunterricht der Klasse 1b. Es war so, dass der Osterhase in seiner Malerwerkstatt nur noch rote, gelbe und blaue Farbt\u00f6pfe vorgefunden&#46;&#46;&#46;<\/p>\n","protected":false},"author":1,"featured_media":6562,"comment_status":"closed","ping_status":"open","sticky":false,"template":"","format":"standard","meta":{"footnotes":""},"categories":[3],"tags":[],"class_list":["post-6555","post","type-post","status-publish","format-standard","has-post-thumbnail","hentry","category-schulleben"],"publishpress_future_action":{"enabled":false,"date":"2026-05-07 08:09:10","action":"change-status","newStatus":"draft","terms":[],"taxonomy":"category","extraData":[]},"publishpress_future_workflow_manual_trigger":{"enabledWorkflows":[]},"_links":{"self":[{"href":"https:\/\/grundschule-muehldorf.de\/index.php?rest_route=\/wp\/v2\/posts\/6555","targetHints":{"allow":["GET"]}}],"collection":[{"href":"https:\/\/grundschule-muehldorf.de\/index.php?rest_route=\/wp\/v2\/posts"}],"about":[{"href":"https:\/\/grundschule-muehldorf.de\/index.php?rest_route=\/wp\/v2\/types\/post"}],"author":[{"embeddable":true,"href":"https:\/\/grundschule-muehldorf.de\/index.php?rest_route=\/wp\/v2\/users\/1"}],"replies":[{"embeddable":true,"href":"https:\/\/grundschule-muehldorf.de\/index.php?rest_route=%2Fwp%2Fv2%2Fcomments&post=6555"}],"version-history":[{"count":1,"href":"https:\/\/grundschule-muehldorf.de\/index.php?rest_route=\/wp\/v2\/posts\/6555\/revisions"}],"predecessor-version":[{"id":6563,"href":"https:\/\/grundschule-muehldorf.de\/index.php?rest_route=\/wp\/v2\/posts\/6555\/revisions\/6563"}],"wp:featuredmedia":[{"embeddable":true,"href":"https:\/\/grundschule-muehldorf.de\/index.php?rest_route=\/wp\/v2\/media\/6562"}],"wp:attachment":[{"href":"https:\/\/grundschule-muehldorf.de\/index.php?rest_route=%2Fwp%2Fv2%2Fmedia&parent=6555"}],"wp:term":[{"taxonomy":"category","embeddable":true,"href":"https:\/\/grundschule-muehldorf.de\/index.php?rest_route=%2Fwp%2Fv2%2Fcategories&post=6555"},{"taxonomy":"post_tag","embeddable":true,"href":"https:\/\/grundschule-muehldorf.de\/index.php?rest_route=%2Fwp%2Fv2%2Ftags&post=6555"}],"curies":[{"name":"wp","href":"https:\/\/api.w.org\/{rel}","templated":true}]}}