{"id":6539,"date":"2023-03-14T11:37:24","date_gmt":"2023-03-14T10:37:24","guid":{"rendered":"http:\/\/grundschule-muehldorf.de\/?p=6539"},"modified":"2023-03-21T11:39:32","modified_gmt":"2023-03-21T10:39:32","slug":"grosse-erfolge-beim-kreisschwimmfest","status":"publish","type":"post","link":"https:\/\/grundschule-muehldorf.de\/?p=6539","title":{"rendered":"Gro\u00dfe Erfolge beim Kreisschwimmfest!"},"content":{"rendered":"\n<p>Nach drei Jahren Corona-Zwangspause war es endlich soweit: Das Kreisschwimmfest des Landkreises M\u00fchldorf konnte wieder stattfinden. Vorab wurden bereits die besten Schwimmerinnen und Schwimmer unserer Schule ermittelt.<\/p>\n\n\n\n<p>Am 14. M\u00e4rz fuhren wir mit einer Gruppe von 14 Sch\u00fclerinnen und Sch\u00fclern in die Schulschwimmhalle Waldkraiburg, ganz nach dem Motto: <strong>Dabei sein ist alles und Spa\u00df haben! <\/strong>Unseren Sch\u00fclerinnen und Sch\u00fclern war das allerdings nicht genug. Sie waren hochmotiviert, konzentriert und jeder Einzelne holte das Beste aus sich heraus. Es waren tolle und faire Wettk\u00e4mpfe, die Schwimmhalle bebte vom Anfeuern der Mitsch\u00fclerInnen und der BetreuerInnen. Ein besonderer H\u00f6hepunkt waren die Teamwettbewerbe. W\u00e4hrend die Jungen mit einem klaren Vorsprung den Sieg heimholen konnten, war es bei den M\u00e4dchen spannend bis zur letzten Sekunde. Aber es reichte und so konnten die M\u00e4dchen und Jungen auf dem Siegerpodest jubeln. Wir fuhren mit etlichen 1. Pl\u00e4tzen und einigen 2. und 3. Platzierungen im Gep\u00e4ck gl\u00fccklich und ersch\u00f6pft zur\u00fcck zur Schule.<\/p>\n\n\n\n<figure class=\"wp-block-image size-full\"><img loading=\"lazy\" decoding=\"async\" width=\"1000\" height=\"667\" src=\"http:\/\/grundschule-muehldorf.de\/wp-content\/uploads\/2023\/03\/230314_Kreisschwimmfest_01.jpg\" alt=\"\" class=\"wp-image-6540\" srcset=\"https:\/\/grundschule-muehldorf.de\/wp-content\/uploads\/2023\/03\/230314_Kreisschwimmfest_01.jpg 1000w, https:\/\/grundschule-muehldorf.de\/wp-content\/uploads\/2023\/03\/230314_Kreisschwimmfest_01-300x200.jpg 300w, https:\/\/grundschule-muehldorf.de\/wp-content\/uploads\/2023\/03\/230314_Kreisschwimmfest_01-768x512.jpg 768w\" sizes=\"auto, (max-width: 1000px) 100vw, 1000px\" \/><\/figure>\n","protected":false},"excerpt":{"rendered":"<p>Nach drei Jahren Corona-Zwangspause war es endlich soweit: Das Kreisschwimmfest des Landkreises M\u00fchldorf konnte wieder stattfinden. Vorab wurden bereits die besten Schwimmerinnen und Schwimmer unserer Schule ermittelt. Am 14. M\u00e4rz fuhren wir mit einer&#46;&#46;&#46;<\/p>\n","protected":false},"author":1,"featured_media":6540,"comment_status":"closed","ping_status":"open","sticky":false,"template":"","format":"standard","meta":{"footnotes":""},"categories":[3],"tags":[],"class_list":["post-6539","post","type-post","status-publish","format-standard","has-post-thumbnail","hentry","category-schulleben"],"publishpress_future_action":{"enabled":false,"date":"2026-05-07 07:05:29","action":"change-status","newStatus":"draft","terms":[],"taxonomy":"category","extraData":[]},"publishpress_future_workflow_manual_trigger":{"enabledWorkflows":[]},"_links":{"self":[{"href":"https:\/\/grundschule-muehldorf.de\/index.php?rest_route=\/wp\/v2\/posts\/6539","targetHints":{"allow":["GET"]}}],"collection":[{"href":"https:\/\/grundschule-muehldorf.de\/index.php?rest_route=\/wp\/v2\/posts"}],"about":[{"href":"https:\/\/grundschule-muehldorf.de\/index.php?rest_route=\/wp\/v2\/types\/post"}],"author":[{"embeddable":true,"href":"https:\/\/grundschule-muehldorf.de\/index.php?rest_route=\/wp\/v2\/users\/1"}],"replies":[{"embeddable":true,"href":"https:\/\/grundschule-muehldorf.de\/index.php?rest_route=%2Fwp%2Fv2%2Fcomments&post=6539"}],"version-history":[{"count":1,"href":"https:\/\/grundschule-muehldorf.de\/index.php?rest_route=\/wp\/v2\/posts\/6539\/revisions"}],"predecessor-version":[{"id":6541,"href":"https:\/\/grundschule-muehldorf.de\/index.php?rest_route=\/wp\/v2\/posts\/6539\/revisions\/6541"}],"wp:featuredmedia":[{"embeddable":true,"href":"https:\/\/grundschule-muehldorf.de\/index.php?rest_route=\/wp\/v2\/media\/6540"}],"wp:attachment":[{"href":"https:\/\/grundschule-muehldorf.de\/index.php?rest_route=%2Fwp%2Fv2%2Fmedia&parent=6539"}],"wp:term":[{"taxonomy":"category","embeddable":true,"href":"https:\/\/grundschule-muehldorf.de\/index.php?rest_route=%2Fwp%2Fv2%2Fcategories&post=6539"},{"taxonomy":"post_tag","embeddable":true,"href":"https:\/\/grundschule-muehldorf.de\/index.php?rest_route=%2Fwp%2Fv2%2Ftags&post=6539"}],"curies":[{"name":"wp","href":"https:\/\/api.w.org\/{rel}","templated":true}]}}