{"id":6533,"date":"2023-03-09T10:49:41","date_gmt":"2023-03-09T09:49:41","guid":{"rendered":"http:\/\/grundschule-muehldorf.de\/?p=6533"},"modified":"2023-03-17T10:51:55","modified_gmt":"2023-03-17T09:51:55","slug":"besuch-im-mittelalter","status":"publish","type":"post","link":"https:\/\/grundschule-muehldorf.de\/?p=6533","title":{"rendered":"Besuch im Mittelalter"},"content":{"rendered":"\n\n\n<p>Die Klasse 2b besuchte die Ausstellung &#8222;1322&#8220; und erfuhr so einiges \u00fcber die letzte Ritterschlacht ohne Feuerwaffen. Mit gro\u00dfem Interesse verfolgten die Kinder die F\u00fchrung durch die Ausstellung und lernten dabei viel \u00fcber Ritter, deren Leben und K\u00e4mpfe.<\/p>\n\n\n\n<p>So erfuhren sie z.B. dass auch Frauen als Verpflegerinnen bei den Schlachten mitzogen. Auch dass sie genau im richtigen Alter w\u00e4ren, um Ritter zu werden, \u00fcberraschte sie, denn ein Junge wurde damals im Alter von 7 Jahren zur Ausbildung zum Ritter geschickt.<\/p>\n\n\n\n<p>Anschlie\u00dfend durften die Sch\u00fcler sich in einem Workshop an mittelalterlichen Spielen ausprobieren. Spiele, wie \u201eStrebkatzenziehen\u201c, Murmeln oder kleine Puppen selbst aus Lehm herstellen fanden gro\u00dfe Begeisterung.<\/p>\n\n\n\n<p>Es war ein sch\u00f6ner und abwechslungsreicher Vormittag im Geschichtszentrum M\u00fchldorf!<\/p>\n\n\n\n<figure class=\"wp-block-image size-full\"><img loading=\"lazy\" decoding=\"async\" width=\"1000\" height=\"1000\" src=\"http:\/\/grundschule-muehldorf.de\/wp-content\/uploads\/2023\/03\/230309_2bMittelater_01.jpg\" alt=\"\" class=\"wp-image-6534\" srcset=\"https:\/\/grundschule-muehldorf.de\/wp-content\/uploads\/2023\/03\/230309_2bMittelater_01.jpg 1000w, https:\/\/grundschule-muehldorf.de\/wp-content\/uploads\/2023\/03\/230309_2bMittelater_01-300x300.jpg 300w, https:\/\/grundschule-muehldorf.de\/wp-content\/uploads\/2023\/03\/230309_2bMittelater_01-150x150.jpg 150w, https:\/\/grundschule-muehldorf.de\/wp-content\/uploads\/2023\/03\/230309_2bMittelater_01-768x768.jpg 768w, https:\/\/grundschule-muehldorf.de\/wp-content\/uploads\/2023\/03\/230309_2bMittelater_01-80x80.jpg 80w, https:\/\/grundschule-muehldorf.de\/wp-content\/uploads\/2023\/03\/230309_2bMittelater_01-320x320.jpg 320w\" sizes=\"auto, (max-width: 1000px) 100vw, 1000px\" \/><\/figure>\n","protected":false},"excerpt":{"rendered":"<p>Die Klasse 2b besuchte die Ausstellung &#8222;1322&#8220; und erfuhr so einiges \u00fcber die letzte Ritterschlacht ohne Feuerwaffen. Mit gro\u00dfem Interesse verfolgten die Kinder die F\u00fchrung durch die Ausstellung und lernten dabei viel \u00fcber Ritter,&#46;&#46;&#46;<\/p>\n","protected":false},"author":1,"featured_media":6535,"comment_status":"closed","ping_status":"open","sticky":false,"template":"","format":"standard","meta":{"footnotes":""},"categories":[3],"tags":[],"class_list":["post-6533","post","type-post","status-publish","format-standard","has-post-thumbnail","hentry","category-schulleben"],"publishpress_future_action":{"enabled":false,"date":"2026-05-07 06:04:47","action":"change-status","newStatus":"draft","terms":[],"taxonomy":"category","extraData":[]},"publishpress_future_workflow_manual_trigger":{"enabledWorkflows":[]},"_links":{"self":[{"href":"https:\/\/grundschule-muehldorf.de\/index.php?rest_route=\/wp\/v2\/posts\/6533","targetHints":{"allow":["GET"]}}],"collection":[{"href":"https:\/\/grundschule-muehldorf.de\/index.php?rest_route=\/wp\/v2\/posts"}],"about":[{"href":"https:\/\/grundschule-muehldorf.de\/index.php?rest_route=\/wp\/v2\/types\/post"}],"author":[{"embeddable":true,"href":"https:\/\/grundschule-muehldorf.de\/index.php?rest_route=\/wp\/v2\/users\/1"}],"replies":[{"embeddable":true,"href":"https:\/\/grundschule-muehldorf.de\/index.php?rest_route=%2Fwp%2Fv2%2Fcomments&post=6533"}],"version-history":[{"count":1,"href":"https:\/\/grundschule-muehldorf.de\/index.php?rest_route=\/wp\/v2\/posts\/6533\/revisions"}],"predecessor-version":[{"id":6536,"href":"https:\/\/grundschule-muehldorf.de\/index.php?rest_route=\/wp\/v2\/posts\/6533\/revisions\/6536"}],"wp:featuredmedia":[{"embeddable":true,"href":"https:\/\/grundschule-muehldorf.de\/index.php?rest_route=\/wp\/v2\/media\/6535"}],"wp:attachment":[{"href":"https:\/\/grundschule-muehldorf.de\/index.php?rest_route=%2Fwp%2Fv2%2Fmedia&parent=6533"}],"wp:term":[{"taxonomy":"category","embeddable":true,"href":"https:\/\/grundschule-muehldorf.de\/index.php?rest_route=%2Fwp%2Fv2%2Fcategories&post=6533"},{"taxonomy":"post_tag","embeddable":true,"href":"https:\/\/grundschule-muehldorf.de\/index.php?rest_route=%2Fwp%2Fv2%2Ftags&post=6533"}],"curies":[{"name":"wp","href":"https:\/\/api.w.org\/{rel}","templated":true}]}}