{"id":6481,"date":"2023-02-10T10:53:59","date_gmt":"2023-02-10T09:53:59","guid":{"rendered":"http:\/\/grundschule-muehldorf.de\/?p=6481"},"modified":"2023-02-10T10:54:01","modified_gmt":"2023-02-10T09:54:01","slug":"klassenfruehstueck-im-hort","status":"publish","type":"post","link":"https:\/\/grundschule-muehldorf.de\/?p=6481","title":{"rendered":"Klassenfr\u00fchst\u00fcck im Hort"},"content":{"rendered":"\n<p>Jeden Morgen bietet der AWO-Kinderhort f\u00fcr die Kinder der Grundschule M\u00fchldorf vor dem Unterricht ein leckeres Fr\u00fchst\u00fcck an. Dieses Angebot durfte die Klasse 2d nun bei einem gemeinsamen Klassenfr\u00fchst\u00fcck kennenlernen.<br><br>Zusammen machten wir uns zu Beginn der ersten Stunde auf den Weg in die R\u00e4umlichkeiten des Hortes. Einige Kinder, welche den Hort oder das Fr\u00fchst\u00fcck kannten, gaben bereits eine kleine F\u00fchrung und erkl\u00e4rten den Ablauf. Voller Vorfreude und mit knurrenden M\u00e4gen durften wir dann Platz nehmen. Nachdem alle ihre H\u00e4nde gewaschen hatten, ging es auch schon los. Zun\u00e4chst durfte sich jedes Kind einen Becher schnappen und sich ein leckeres Fr\u00fchst\u00fccksgetr\u00e4nk aussuchen. Es gab Orangensaft, Wasser, Kaba, Tee und Milch. Voller Spannung und mit gro\u00dfen Augen ging es dann zum Essensbuffet weiter. Bei der gro\u00dfen Auswahl blieben keine W\u00fcnsche offen. So mancher von uns konnte sich gar nicht entscheiden zwischen Breze und Semmeln mit Butter, Marmelade, Wurst oder K\u00e4se\u2026oder vielleicht doch ein M\u00fcsli mit Obst?<br>Die leckeren Speisen und der strahlende Sonnenschein, welcher den Speiseraum erhellte, f\u00fchrten zu guter Laune und netten Gespr\u00e4chen. Wir waren wirklich sehr dankbar f\u00fcr diesen besonderen Start in den Morgen und konnten danach gest\u00e4rkt weiterlernen.<br>Und eins ist klar, einige von uns werden sich das gute Fr\u00fchst\u00fcck im Hort bestimmt noch \u00f6fter schmecken lassen.<\/p>\n\n\n<div class=\"wp-block-image\">\n<figure class=\"aligncenter size-full\"><img loading=\"lazy\" decoding=\"async\" width=\"1000\" height=\"666\" src=\"http:\/\/grundschule-muehldorf.de\/wp-content\/uploads\/2023\/02\/230210_2dKlassenfruehstueck_01.jpg\" alt=\"\" class=\"wp-image-6482\" srcset=\"https:\/\/grundschule-muehldorf.de\/wp-content\/uploads\/2023\/02\/230210_2dKlassenfruehstueck_01.jpg 1000w, https:\/\/grundschule-muehldorf.de\/wp-content\/uploads\/2023\/02\/230210_2dKlassenfruehstueck_01-300x200.jpg 300w, https:\/\/grundschule-muehldorf.de\/wp-content\/uploads\/2023\/02\/230210_2dKlassenfruehstueck_01-768x511.jpg 768w\" sizes=\"auto, (max-width: 1000px) 100vw, 1000px\" \/><\/figure>\n<\/div>","protected":false},"excerpt":{"rendered":"<p>Jeden Morgen bietet der AWO-Kinderhort f\u00fcr die Kinder der Grundschule M\u00fchldorf vor dem Unterricht ein leckeres Fr\u00fchst\u00fcck an. Dieses Angebot durfte die Klasse 2d nun bei einem gemeinsamen Klassenfr\u00fchst\u00fcck kennenlernen. Zusammen machten wir uns&#46;&#46;&#46;<\/p>\n","protected":false},"author":1,"featured_media":6482,"comment_status":"closed","ping_status":"open","sticky":false,"template":"","format":"standard","meta":{"footnotes":""},"categories":[3],"tags":[],"class_list":["post-6481","post","type-post","status-publish","format-standard","has-post-thumbnail","hentry","category-schulleben"],"publishpress_future_action":{"enabled":false,"date":"2026-05-07 09:50:34","action":"change-status","newStatus":"draft","terms":[],"taxonomy":"category","extraData":[]},"publishpress_future_workflow_manual_trigger":{"enabledWorkflows":[]},"_links":{"self":[{"href":"https:\/\/grundschule-muehldorf.de\/index.php?rest_route=\/wp\/v2\/posts\/6481","targetHints":{"allow":["GET"]}}],"collection":[{"href":"https:\/\/grundschule-muehldorf.de\/index.php?rest_route=\/wp\/v2\/posts"}],"about":[{"href":"https:\/\/grundschule-muehldorf.de\/index.php?rest_route=\/wp\/v2\/types\/post"}],"author":[{"embeddable":true,"href":"https:\/\/grundschule-muehldorf.de\/index.php?rest_route=\/wp\/v2\/users\/1"}],"replies":[{"embeddable":true,"href":"https:\/\/grundschule-muehldorf.de\/index.php?rest_route=%2Fwp%2Fv2%2Fcomments&post=6481"}],"version-history":[{"count":1,"href":"https:\/\/grundschule-muehldorf.de\/index.php?rest_route=\/wp\/v2\/posts\/6481\/revisions"}],"predecessor-version":[{"id":6483,"href":"https:\/\/grundschule-muehldorf.de\/index.php?rest_route=\/wp\/v2\/posts\/6481\/revisions\/6483"}],"wp:featuredmedia":[{"embeddable":true,"href":"https:\/\/grundschule-muehldorf.de\/index.php?rest_route=\/wp\/v2\/media\/6482"}],"wp:attachment":[{"href":"https:\/\/grundschule-muehldorf.de\/index.php?rest_route=%2Fwp%2Fv2%2Fmedia&parent=6481"}],"wp:term":[{"taxonomy":"category","embeddable":true,"href":"https:\/\/grundschule-muehldorf.de\/index.php?rest_route=%2Fwp%2Fv2%2Fcategories&post=6481"},{"taxonomy":"post_tag","embeddable":true,"href":"https:\/\/grundschule-muehldorf.de\/index.php?rest_route=%2Fwp%2Fv2%2Ftags&post=6481"}],"curies":[{"name":"wp","href":"https:\/\/api.w.org\/{rel}","templated":true}]}}