{"id":6279,"date":"2022-12-01T12:00:19","date_gmt":"2022-12-01T11:00:19","guid":{"rendered":"http:\/\/grundschule-muehldorf.de\/?p=6279"},"modified":"2022-12-02T12:02:44","modified_gmt":"2022-12-02T11:02:44","slug":"in-der-weihnachtsbaeckerei","status":"publish","type":"post","link":"https:\/\/grundschule-muehldorf.de\/?p=6279","title":{"rendered":"In der Weihnachtsb\u00e4ckerei"},"content":{"rendered":"\n<p>\u2026 gibt\u2019s so manche Leckerei. Wie k\u00f6nnte man besser in die Vorweihnachtszeit starten als mit selbstgebackenen Pl\u00e4tzchen? Wir, die Klasse 1g, haben am 1. Dezember gemeinsam mit dem Hort leckere Pl\u00e4tzchen gebacken. Zuerst haben wir den Teig vorbereitet und ausgerollt. Danach haben wir mit ganz vielen verschiedenen Formen leckere Pl\u00e4tzchen ausgestochen. Anschlie\u00dfend kamen die Pl\u00e4tzchen f\u00fcr 8 bis 10 Minuten in den Ofen. Zum Gl\u00fcck war es drau\u00dfen so kalt, dass wir die Pl\u00e4tzchen zum Abk\u00fchlen nach drau\u00dfen stellen konnten. Zum Schluss verzierten wir die Pl\u00e4tzchen noch mit leckeren Streuseln aus Zucker und Schokolade.<\/p>\n\n\n\n<figure class=\"wp-block-gallery has-nested-images columns-default is-cropped wp-block-gallery-1 is-layout-flex wp-block-gallery-is-layout-flex\">\n<figure class=\"wp-block-image size-large\"><a href=\"http:\/\/grundschule-muehldorf.de\/wp-content\/uploads\/2022\/12\/221201_1gWeihnachtsbaeckerei_01.jpg\"><img loading=\"lazy\" decoding=\"async\" width=\"1000\" height=\"667\" data-id=\"6282\" src=\"http:\/\/grundschule-muehldorf.de\/wp-content\/uploads\/2022\/12\/221201_1gWeihnachtsbaeckerei_01.jpg\" alt=\"\" class=\"wp-image-6282\" srcset=\"https:\/\/grundschule-muehldorf.de\/wp-content\/uploads\/2022\/12\/221201_1gWeihnachtsbaeckerei_01.jpg 1000w, https:\/\/grundschule-muehldorf.de\/wp-content\/uploads\/2022\/12\/221201_1gWeihnachtsbaeckerei_01-300x200.jpg 300w, https:\/\/grundschule-muehldorf.de\/wp-content\/uploads\/2022\/12\/221201_1gWeihnachtsbaeckerei_01-768x512.jpg 768w\" sizes=\"auto, (max-width: 1000px) 100vw, 1000px\" \/><\/a><\/figure>\n\n\n\n<figure class=\"wp-block-image size-large\"><a href=\"http:\/\/grundschule-muehldorf.de\/wp-content\/uploads\/2022\/12\/221201_1gWeihnachtsbaeckerei_02.jpg\"><img loading=\"lazy\" decoding=\"async\" width=\"1000\" height=\"667\" data-id=\"6283\" src=\"http:\/\/grundschule-muehldorf.de\/wp-content\/uploads\/2022\/12\/221201_1gWeihnachtsbaeckerei_02.jpg\" alt=\"\" class=\"wp-image-6283\" srcset=\"https:\/\/grundschule-muehldorf.de\/wp-content\/uploads\/2022\/12\/221201_1gWeihnachtsbaeckerei_02.jpg 1000w, https:\/\/grundschule-muehldorf.de\/wp-content\/uploads\/2022\/12\/221201_1gWeihnachtsbaeckerei_02-300x200.jpg 300w, https:\/\/grundschule-muehldorf.de\/wp-content\/uploads\/2022\/12\/221201_1gWeihnachtsbaeckerei_02-768x512.jpg 768w\" sizes=\"auto, (max-width: 1000px) 100vw, 1000px\" \/><\/a><\/figure>\n\n\n\n<figure class=\"wp-block-image size-large\"><a href=\"http:\/\/grundschule-muehldorf.de\/wp-content\/uploads\/2022\/12\/221201_1gWeihnachtsbaeckerei_03.jpg\"><img loading=\"lazy\" decoding=\"async\" width=\"1000\" height=\"667\" data-id=\"6281\" src=\"http:\/\/grundschule-muehldorf.de\/wp-content\/uploads\/2022\/12\/221201_1gWeihnachtsbaeckerei_03.jpg\" alt=\"\" class=\"wp-image-6281\" srcset=\"https:\/\/grundschule-muehldorf.de\/wp-content\/uploads\/2022\/12\/221201_1gWeihnachtsbaeckerei_03.jpg 1000w, https:\/\/grundschule-muehldorf.de\/wp-content\/uploads\/2022\/12\/221201_1gWeihnachtsbaeckerei_03-300x200.jpg 300w, https:\/\/grundschule-muehldorf.de\/wp-content\/uploads\/2022\/12\/221201_1gWeihnachtsbaeckerei_03-768x512.jpg 768w\" sizes=\"auto, (max-width: 1000px) 100vw, 1000px\" \/><\/a><\/figure>\n\n\n\n<figure class=\"wp-block-image size-large\"><a href=\"http:\/\/grundschule-muehldorf.de\/wp-content\/uploads\/2022\/12\/221201_1gWeihnachtsbaeckerei_04.jpg\"><img loading=\"lazy\" decoding=\"async\" width=\"1000\" height=\"667\" data-id=\"6280\" src=\"http:\/\/grundschule-muehldorf.de\/wp-content\/uploads\/2022\/12\/221201_1gWeihnachtsbaeckerei_04.jpg\" alt=\"\" class=\"wp-image-6280\" srcset=\"https:\/\/grundschule-muehldorf.de\/wp-content\/uploads\/2022\/12\/221201_1gWeihnachtsbaeckerei_04.jpg 1000w, https:\/\/grundschule-muehldorf.de\/wp-content\/uploads\/2022\/12\/221201_1gWeihnachtsbaeckerei_04-300x200.jpg 300w, https:\/\/grundschule-muehldorf.de\/wp-content\/uploads\/2022\/12\/221201_1gWeihnachtsbaeckerei_04-768x512.jpg 768w\" sizes=\"auto, (max-width: 1000px) 100vw, 1000px\" \/><\/a><\/figure>\n<\/figure>\n\n\n\n<p>Die Pl\u00e4tzchen haben wir uns selbst schmecken lassen oder haben sie in unseren selbstbemalten T\u00fcten an unsere Familie und Freunde verschenkt.<\/p>\n\n\n\n<p>M\u00f6chtest du unsere Pl\u00e4tzchen nachmachen? Dann findest du hier noch das Rezept f\u00fcr den schnellen und einfachen Pl\u00e4tzchenteig.<\/p>\n\n\n\n<p><strong>Du brauchst:<\/strong><\/p>\n\n\n\n<p><strong>200 g Mehl<\/strong><\/p>\n\n\n\n<p><strong>100 g Butter (weich)<\/strong><\/p>\n\n\n\n<p><strong>50 g Zucker<\/strong><\/p>\n\n\n\n<p><strong>1 Ei<\/strong><\/p>\n\n\n\n<p><strong>1 Prise Salz<\/strong><\/p>\n\n\n\n<p>Vermische alle Zutaten zu einem Teig. Den Teig kannst du am besten mit deinen H\u00e4nden kneten, bis alle Zutaten gut vermengt sind. Best\u00e4ube deine Arbeitsfl\u00e4che mit etwas Mehl, rolle den Teig aus stich deine Lieblingsform aus. Bei 180 Grad f\u00fcr ca. 8-10 Minuten in den Ofen und danach nach Lust und Laune verzieren.<\/p>\n\n\n\n<p>Guten Appetit!<\/p>\n","protected":false},"excerpt":{"rendered":"<p>\u2026 gibt\u2019s so manche Leckerei. Wie k\u00f6nnte man besser in die Vorweihnachtszeit starten als mit selbstgebackenen Pl\u00e4tzchen? Wir, die Klasse 1g, haben am 1. Dezember gemeinsam mit dem Hort leckere Pl\u00e4tzchen gebacken. Zuerst haben&#46;&#46;&#46;<\/p>\n","protected":false},"author":1,"featured_media":6280,"comment_status":"closed","ping_status":"open","sticky":false,"template":"","format":"standard","meta":{"footnotes":""},"categories":[3],"tags":[],"class_list":["post-6279","post","type-post","status-publish","format-standard","has-post-thumbnail","hentry","category-schulleben"],"publishpress_future_action":{"enabled":false,"date":"2026-05-05 18:41:19","action":"change-status","newStatus":"draft","terms":[],"taxonomy":"category","extraData":[]},"publishpress_future_workflow_manual_trigger":{"enabledWorkflows":[]},"_links":{"self":[{"href":"https:\/\/grundschule-muehldorf.de\/index.php?rest_route=\/wp\/v2\/posts\/6279","targetHints":{"allow":["GET"]}}],"collection":[{"href":"https:\/\/grundschule-muehldorf.de\/index.php?rest_route=\/wp\/v2\/posts"}],"about":[{"href":"https:\/\/grundschule-muehldorf.de\/index.php?rest_route=\/wp\/v2\/types\/post"}],"author":[{"embeddable":true,"href":"https:\/\/grundschule-muehldorf.de\/index.php?rest_route=\/wp\/v2\/users\/1"}],"replies":[{"embeddable":true,"href":"https:\/\/grundschule-muehldorf.de\/index.php?rest_route=%2Fwp%2Fv2%2Fcomments&post=6279"}],"version-history":[{"count":1,"href":"https:\/\/grundschule-muehldorf.de\/index.php?rest_route=\/wp\/v2\/posts\/6279\/revisions"}],"predecessor-version":[{"id":6284,"href":"https:\/\/grundschule-muehldorf.de\/index.php?rest_route=\/wp\/v2\/posts\/6279\/revisions\/6284"}],"wp:featuredmedia":[{"embeddable":true,"href":"https:\/\/grundschule-muehldorf.de\/index.php?rest_route=\/wp\/v2\/media\/6280"}],"wp:attachment":[{"href":"https:\/\/grundschule-muehldorf.de\/index.php?rest_route=%2Fwp%2Fv2%2Fmedia&parent=6279"}],"wp:term":[{"taxonomy":"category","embeddable":true,"href":"https:\/\/grundschule-muehldorf.de\/index.php?rest_route=%2Fwp%2Fv2%2Fcategories&post=6279"},{"taxonomy":"post_tag","embeddable":true,"href":"https:\/\/grundschule-muehldorf.de\/index.php?rest_route=%2Fwp%2Fv2%2Ftags&post=6279"}],"curies":[{"name":"wp","href":"https:\/\/api.w.org\/{rel}","templated":true}]}}