{"id":6143,"date":"2022-09-22T10:48:00","date_gmt":"2022-09-22T08:48:00","guid":{"rendered":"http:\/\/grundschule-muehldorf.de\/?p=6143"},"modified":"2022-11-17T13:27:35","modified_gmt":"2022-11-17T12:27:35","slug":"die-klassen-3g-und-4g-entdecken-den-naturerlebnisweg","status":"publish","type":"post","link":"https:\/\/grundschule-muehldorf.de\/?p=6143","title":{"rendered":"Die Klassen 3g und 4g entdecken den Naturerlebnisweg"},"content":{"rendered":"\n<p>Bei grauem Himmel machten wir \u2013 die 3. und 4. Ganztagesklasse \u2013 uns auf den Weg Richtung Naturerlebnisweg am Inn. Die Sicht war anfangs durch den Nebel sehr eingeschr\u00e4nkt, doch sobald wir im Wald angekommen waren, merkten wir, wie spannend so ein Wetter auch sein kann! Alles sah irgendwie \u201emagisch\u201c aus und wir entdeckten verschiedene Steine, Blattformen und Kl\u00e4nge auf unserem Weg. Als wir bei einem Tippi aus Holz und einer sch\u00f6nen gro\u00dfen Wiese ankamen, wurde aus dem grauen Himmel ein blauer und wir konnten uns auf unseren Picknickdecken mit leckerem Essen in der Sonne aufw\u00e4rmen. Diese k\u00e4mpfte sich komplett durch die Wolken und wir erkundeten bei Sonnenschein den Inn, lieferten uns Wettk\u00e4mpfe beim Weitspringen und spielten zusammen.<\/p>\n\n\n\n<figure class=\"wp-block-gallery has-nested-images columns-default is-cropped wp-block-gallery-1 is-layout-flex wp-block-gallery-is-layout-flex\">\n<figure class=\"wp-block-image size-large\"><a href=\"http:\/\/grundschule-muehldorf.de\/wp-content\/uploads\/2022\/11\/220922_3g4gNaturerlebnisweg_01.jpg\"><img loading=\"lazy\" decoding=\"async\" width=\"1000\" height=\"667\" data-id=\"6225\" src=\"http:\/\/grundschule-muehldorf.de\/wp-content\/uploads\/2022\/11\/220922_3g4gNaturerlebnisweg_01.jpg\" alt=\"\" class=\"wp-image-6225\" srcset=\"https:\/\/grundschule-muehldorf.de\/wp-content\/uploads\/2022\/11\/220922_3g4gNaturerlebnisweg_01.jpg 1000w, https:\/\/grundschule-muehldorf.de\/wp-content\/uploads\/2022\/11\/220922_3g4gNaturerlebnisweg_01-300x200.jpg 300w, https:\/\/grundschule-muehldorf.de\/wp-content\/uploads\/2022\/11\/220922_3g4gNaturerlebnisweg_01-768x512.jpg 768w\" sizes=\"auto, (max-width: 1000px) 100vw, 1000px\" \/><\/a><\/figure>\n\n\n\n<figure class=\"wp-block-image size-large\"><a href=\"http:\/\/grundschule-muehldorf.de\/wp-content\/uploads\/2022\/11\/220922_3g4gNaturerlebnisweg_02.jpg\"><img loading=\"lazy\" decoding=\"async\" width=\"1000\" height=\"667\" data-id=\"6223\" src=\"http:\/\/grundschule-muehldorf.de\/wp-content\/uploads\/2022\/11\/220922_3g4gNaturerlebnisweg_02.jpg\" alt=\"\" class=\"wp-image-6223\" srcset=\"https:\/\/grundschule-muehldorf.de\/wp-content\/uploads\/2022\/11\/220922_3g4gNaturerlebnisweg_02.jpg 1000w, https:\/\/grundschule-muehldorf.de\/wp-content\/uploads\/2022\/11\/220922_3g4gNaturerlebnisweg_02-300x200.jpg 300w, https:\/\/grundschule-muehldorf.de\/wp-content\/uploads\/2022\/11\/220922_3g4gNaturerlebnisweg_02-768x512.jpg 768w\" sizes=\"auto, (max-width: 1000px) 100vw, 1000px\" \/><\/a><\/figure>\n\n\n\n<figure class=\"wp-block-image size-large\"><a href=\"http:\/\/grundschule-muehldorf.de\/wp-content\/uploads\/2022\/11\/220922_3g4gNaturerlebnisweg_03.jpg\"><img loading=\"lazy\" decoding=\"async\" width=\"1000\" height=\"667\" data-id=\"6224\" src=\"http:\/\/grundschule-muehldorf.de\/wp-content\/uploads\/2022\/11\/220922_3g4gNaturerlebnisweg_03.jpg\" alt=\"\" class=\"wp-image-6224\" srcset=\"https:\/\/grundschule-muehldorf.de\/wp-content\/uploads\/2022\/11\/220922_3g4gNaturerlebnisweg_03.jpg 1000w, https:\/\/grundschule-muehldorf.de\/wp-content\/uploads\/2022\/11\/220922_3g4gNaturerlebnisweg_03-300x200.jpg 300w, https:\/\/grundschule-muehldorf.de\/wp-content\/uploads\/2022\/11\/220922_3g4gNaturerlebnisweg_03-768x512.jpg 768w\" sizes=\"auto, (max-width: 1000px) 100vw, 1000px\" \/><\/a><\/figure>\n<\/figure>\n","protected":false},"excerpt":{"rendered":"<p>Bei grauem Himmel machten wir \u2013 die 3. und 4. Ganztagesklasse \u2013 uns auf den Weg Richtung Naturerlebnisweg am Inn. Die Sicht war anfangs durch den Nebel sehr eingeschr\u00e4nkt, doch sobald wir im Wald&#46;&#46;&#46;<\/p>\n","protected":false},"author":1,"featured_media":6144,"comment_status":"closed","ping_status":"open","sticky":false,"template":"","format":"standard","meta":{"footnotes":""},"categories":[3],"tags":[],"class_list":["post-6143","post","type-post","status-publish","format-standard","has-post-thumbnail","hentry","category-schulleben"],"publishpress_future_action":{"enabled":false,"date":"2026-05-05 20:34:47","action":"change-status","newStatus":"draft","terms":[],"taxonomy":"category","extraData":[]},"publishpress_future_workflow_manual_trigger":{"enabledWorkflows":[]},"_links":{"self":[{"href":"https:\/\/grundschule-muehldorf.de\/index.php?rest_route=\/wp\/v2\/posts\/6143","targetHints":{"allow":["GET"]}}],"collection":[{"href":"https:\/\/grundschule-muehldorf.de\/index.php?rest_route=\/wp\/v2\/posts"}],"about":[{"href":"https:\/\/grundschule-muehldorf.de\/index.php?rest_route=\/wp\/v2\/types\/post"}],"author":[{"embeddable":true,"href":"https:\/\/grundschule-muehldorf.de\/index.php?rest_route=\/wp\/v2\/users\/1"}],"replies":[{"embeddable":true,"href":"https:\/\/grundschule-muehldorf.de\/index.php?rest_route=%2Fwp%2Fv2%2Fcomments&post=6143"}],"version-history":[{"count":2,"href":"https:\/\/grundschule-muehldorf.de\/index.php?rest_route=\/wp\/v2\/posts\/6143\/revisions"}],"predecessor-version":[{"id":6226,"href":"https:\/\/grundschule-muehldorf.de\/index.php?rest_route=\/wp\/v2\/posts\/6143\/revisions\/6226"}],"wp:featuredmedia":[{"embeddable":true,"href":"https:\/\/grundschule-muehldorf.de\/index.php?rest_route=\/wp\/v2\/media\/6144"}],"wp:attachment":[{"href":"https:\/\/grundschule-muehldorf.de\/index.php?rest_route=%2Fwp%2Fv2%2Fmedia&parent=6143"}],"wp:term":[{"taxonomy":"category","embeddable":true,"href":"https:\/\/grundschule-muehldorf.de\/index.php?rest_route=%2Fwp%2Fv2%2Fcategories&post=6143"},{"taxonomy":"post_tag","embeddable":true,"href":"https:\/\/grundschule-muehldorf.de\/index.php?rest_route=%2Fwp%2Fv2%2Ftags&post=6143"}],"curies":[{"name":"wp","href":"https:\/\/api.w.org\/{rel}","templated":true}]}}