{"id":5671,"date":"2022-04-26T10:42:00","date_gmt":"2022-04-26T08:42:00","guid":{"rendered":"http:\/\/grundschule-muehldorf.de\/?p=5671"},"modified":"2022-05-03T10:54:02","modified_gmt":"2022-05-03T08:54:02","slug":"ab-in-den-weltraum","status":"publish","type":"post","link":"https:\/\/grundschule-muehldorf.de\/?p=5671","title":{"rendered":"Ab in den Weltraum"},"content":{"rendered":"\n<p>Eine abenteuerliche Weltraumreise zum Planeten Taurus durften die Kinder der Klasse 1c im M\u00e4rz erleben.<\/p>\n\n\n\n<p>Paula, die Weltraummaus, schl\u00fcpfte mit den Kindern in ihren Raumanzug, r\u00fcckte sich die Sauerstoffflasche zurecht und stieg mit ihnen in ihr Raumschiff, um nach einem Countdown auf den weit entfernten Planeten Taurus zu landen.<\/p>\n\n\n\n<p>Als Paula Weltraummaus ausstieg passierte es: \u201eAu!\u201c, schrie die Maus.<\/p>\n\n\n\n<p>So erlebten die M\u00e4dchen und Jungen der Klasse 1c die Buchstabeneinf\u00fchrung des Doppellauts Au\/au mit allen Sinnen und f\u00e4cher\u00fcbergreifend.<\/p>\n\n\n\n<p>Nachdem ganz klassisch nach der Einf\u00fchrungsgeschichte der Buchstabenweg bearbeitet wurde, \u00fcberlegten die Kinder, warum Paula denn pl\u00f6tzlich \u201eAu!\u201c schreien k\u00f6nnte. So kamen einige nette kleine Geschichten zustande.<\/p>\n\n\n\n<p>Au\u00dferdem entwarfen die Kinder ihr eigenes Raumschiff im Kunstunterricht. Dazu wurde erst mal eine Skizze angefertigt und danach ging es an die \u00d6lkreiden und den Malkasten.<\/p>\n\n\n\n<p>Auch in Sport gingen die Sch\u00fclerinnen und Sch\u00fcler auf Entdeckungsreise in den Weltraum und trainierten spielerisch ihre Ausdauer beim \u00dcberpr\u00fcfen der \u201ewissenschaftlichen Ger\u00e4te\u201c (Pylonen und Reifen etwa) auf dem Planeten Taurus.<\/p>\n\n\n\n<figure class=\"wp-block-gallery has-nested-images columns-4 is-cropped wp-block-gallery-1 is-layout-flex wp-block-gallery-is-layout-flex\">\n<figure class=\"wp-block-image size-large\"><a href=\"http:\/\/grundschule-muehldorf.de\/wp-content\/uploads\/2022\/05\/220426_1cAbindenWeltraum_01.jpg\"><img loading=\"lazy\" decoding=\"async\" width=\"666\" height=\"1000\" data-id=\"5675\" src=\"http:\/\/grundschule-muehldorf.de\/wp-content\/uploads\/2022\/05\/220426_1cAbindenWeltraum_01.jpg\" alt=\"\" class=\"wp-image-5675\" srcset=\"https:\/\/grundschule-muehldorf.de\/wp-content\/uploads\/2022\/05\/220426_1cAbindenWeltraum_01.jpg 666w, https:\/\/grundschule-muehldorf.de\/wp-content\/uploads\/2022\/05\/220426_1cAbindenWeltraum_01-200x300.jpg 200w, https:\/\/grundschule-muehldorf.de\/wp-content\/uploads\/2022\/05\/220426_1cAbindenWeltraum_01-180x270.jpg 180w\" sizes=\"auto, (max-width: 666px) 100vw, 666px\" \/><\/a><\/figure>\n\n\n\n<figure class=\"wp-block-image size-large\"><a href=\"http:\/\/grundschule-muehldorf.de\/wp-content\/uploads\/2022\/05\/220426_1cAbindenWeltraum_02.jpg\"><img loading=\"lazy\" decoding=\"async\" width=\"1000\" height=\"667\" data-id=\"5673\" src=\"http:\/\/grundschule-muehldorf.de\/wp-content\/uploads\/2022\/05\/220426_1cAbindenWeltraum_02.jpg\" alt=\"\" class=\"wp-image-5673\" srcset=\"https:\/\/grundschule-muehldorf.de\/wp-content\/uploads\/2022\/05\/220426_1cAbindenWeltraum_02.jpg 1000w, https:\/\/grundschule-muehldorf.de\/wp-content\/uploads\/2022\/05\/220426_1cAbindenWeltraum_02-300x200.jpg 300w, https:\/\/grundschule-muehldorf.de\/wp-content\/uploads\/2022\/05\/220426_1cAbindenWeltraum_02-768x512.jpg 768w, https:\/\/grundschule-muehldorf.de\/wp-content\/uploads\/2022\/05\/220426_1cAbindenWeltraum_02-360x240.jpg 360w\" sizes=\"auto, (max-width: 1000px) 100vw, 1000px\" \/><\/a><\/figure>\n\n\n\n<figure class=\"wp-block-image size-large\"><a href=\"http:\/\/grundschule-muehldorf.de\/wp-content\/uploads\/2022\/05\/220426_1cAbindenWeltraum_03.jpg\"><img loading=\"lazy\" decoding=\"async\" width=\"667\" height=\"1000\" data-id=\"5672\" src=\"http:\/\/grundschule-muehldorf.de\/wp-content\/uploads\/2022\/05\/220426_1cAbindenWeltraum_03.jpg\" alt=\"\" class=\"wp-image-5672\" srcset=\"https:\/\/grundschule-muehldorf.de\/wp-content\/uploads\/2022\/05\/220426_1cAbindenWeltraum_03.jpg 667w, https:\/\/grundschule-muehldorf.de\/wp-content\/uploads\/2022\/05\/220426_1cAbindenWeltraum_03-200x300.jpg 200w, https:\/\/grundschule-muehldorf.de\/wp-content\/uploads\/2022\/05\/220426_1cAbindenWeltraum_03-180x270.jpg 180w\" sizes=\"auto, (max-width: 667px) 100vw, 667px\" \/><\/a><\/figure>\n\n\n\n<figure class=\"wp-block-image size-large\"><a href=\"http:\/\/grundschule-muehldorf.de\/wp-content\/uploads\/2022\/05\/220426_1cAbindenWeltraum_04.jpg\"><img loading=\"lazy\" decoding=\"async\" width=\"1000\" height=\"667\" data-id=\"5674\" src=\"http:\/\/grundschule-muehldorf.de\/wp-content\/uploads\/2022\/05\/220426_1cAbindenWeltraum_04.jpg\" alt=\"\" class=\"wp-image-5674\" srcset=\"https:\/\/grundschule-muehldorf.de\/wp-content\/uploads\/2022\/05\/220426_1cAbindenWeltraum_04.jpg 1000w, https:\/\/grundschule-muehldorf.de\/wp-content\/uploads\/2022\/05\/220426_1cAbindenWeltraum_04-300x200.jpg 300w, https:\/\/grundschule-muehldorf.de\/wp-content\/uploads\/2022\/05\/220426_1cAbindenWeltraum_04-768x512.jpg 768w, https:\/\/grundschule-muehldorf.de\/wp-content\/uploads\/2022\/05\/220426_1cAbindenWeltraum_04-360x240.jpg 360w\" sizes=\"auto, (max-width: 1000px) 100vw, 1000px\" \/><\/a><\/figure>\n\n\n\n<figure class=\"wp-block-image size-large\"><a href=\"http:\/\/grundschule-muehldorf.de\/wp-content\/uploads\/2022\/05\/220426_1cAbindenWeltraum_05.jpg\"><img loading=\"lazy\" decoding=\"async\" width=\"667\" height=\"1000\" data-id=\"5676\" src=\"http:\/\/grundschule-muehldorf.de\/wp-content\/uploads\/2022\/05\/220426_1cAbindenWeltraum_05.jpg\" alt=\"\" class=\"wp-image-5676\" srcset=\"https:\/\/grundschule-muehldorf.de\/wp-content\/uploads\/2022\/05\/220426_1cAbindenWeltraum_05.jpg 667w, https:\/\/grundschule-muehldorf.de\/wp-content\/uploads\/2022\/05\/220426_1cAbindenWeltraum_05-200x300.jpg 200w, https:\/\/grundschule-muehldorf.de\/wp-content\/uploads\/2022\/05\/220426_1cAbindenWeltraum_05-180x270.jpg 180w\" sizes=\"auto, (max-width: 667px) 100vw, 667px\" \/><\/a><\/figure>\n\n\n\n<figure class=\"wp-block-image size-large\"><a href=\"http:\/\/grundschule-muehldorf.de\/wp-content\/uploads\/2022\/05\/220426_1cAbindenWeltraum_06.jpg\"><img loading=\"lazy\" decoding=\"async\" width=\"667\" height=\"1000\" data-id=\"5677\" src=\"http:\/\/grundschule-muehldorf.de\/wp-content\/uploads\/2022\/05\/220426_1cAbindenWeltraum_06.jpg\" alt=\"\" class=\"wp-image-5677\" srcset=\"https:\/\/grundschule-muehldorf.de\/wp-content\/uploads\/2022\/05\/220426_1cAbindenWeltraum_06.jpg 667w, https:\/\/grundschule-muehldorf.de\/wp-content\/uploads\/2022\/05\/220426_1cAbindenWeltraum_06-200x300.jpg 200w, https:\/\/grundschule-muehldorf.de\/wp-content\/uploads\/2022\/05\/220426_1cAbindenWeltraum_06-180x270.jpg 180w\" sizes=\"auto, (max-width: 667px) 100vw, 667px\" \/><\/a><\/figure>\n\n\n\n<figure class=\"wp-block-image size-large\"><a href=\"http:\/\/grundschule-muehldorf.de\/wp-content\/uploads\/2022\/05\/220426_1cAbindenWeltraum_07.jpg\"><img loading=\"lazy\" decoding=\"async\" width=\"1000\" height=\"667\" data-id=\"5678\" src=\"http:\/\/grundschule-muehldorf.de\/wp-content\/uploads\/2022\/05\/220426_1cAbindenWeltraum_07.jpg\" alt=\"\" class=\"wp-image-5678\" srcset=\"https:\/\/grundschule-muehldorf.de\/wp-content\/uploads\/2022\/05\/220426_1cAbindenWeltraum_07.jpg 1000w, https:\/\/grundschule-muehldorf.de\/wp-content\/uploads\/2022\/05\/220426_1cAbindenWeltraum_07-300x200.jpg 300w, https:\/\/grundschule-muehldorf.de\/wp-content\/uploads\/2022\/05\/220426_1cAbindenWeltraum_07-768x512.jpg 768w, https:\/\/grundschule-muehldorf.de\/wp-content\/uploads\/2022\/05\/220426_1cAbindenWeltraum_07-360x240.jpg 360w\" sizes=\"auto, (max-width: 1000px) 100vw, 1000px\" \/><\/a><\/figure>\n\n\n\n<figure class=\"wp-block-image size-large\"><a href=\"http:\/\/grundschule-muehldorf.de\/wp-content\/uploads\/2022\/05\/220426_1cAbindenWeltraum_08.jpg\"><img loading=\"lazy\" decoding=\"async\" width=\"667\" height=\"1000\" data-id=\"5679\" src=\"http:\/\/grundschule-muehldorf.de\/wp-content\/uploads\/2022\/05\/220426_1cAbindenWeltraum_08.jpg\" alt=\"\" class=\"wp-image-5679\" srcset=\"https:\/\/grundschule-muehldorf.de\/wp-content\/uploads\/2022\/05\/220426_1cAbindenWeltraum_08.jpg 667w, https:\/\/grundschule-muehldorf.de\/wp-content\/uploads\/2022\/05\/220426_1cAbindenWeltraum_08-200x300.jpg 200w, https:\/\/grundschule-muehldorf.de\/wp-content\/uploads\/2022\/05\/220426_1cAbindenWeltraum_08-180x270.jpg 180w\" sizes=\"auto, (max-width: 667px) 100vw, 667px\" \/><\/a><\/figure>\n<\/figure>\n","protected":false},"excerpt":{"rendered":"<p>Eine abenteuerliche Weltraumreise zum Planeten Taurus durften die Kinder der Klasse 1c im M\u00e4rz erleben. Paula, die Weltraummaus, schl\u00fcpfte mit den Kindern in ihren Raumanzug, r\u00fcckte sich die Sauerstoffflasche zurecht und stieg mit ihnen&#46;&#46;&#46;<\/p>\n","protected":false},"author":1,"featured_media":5678,"comment_status":"closed","ping_status":"open","sticky":false,"template":"","format":"standard","meta":{"footnotes":""},"categories":[3],"tags":[],"class_list":["post-5671","post","type-post","status-publish","format-standard","has-post-thumbnail","hentry","category-schulleben"],"publishpress_future_action":{"enabled":false,"date":"2026-05-07 23:14:08","action":"change-status","newStatus":"draft","terms":[],"taxonomy":"category","extraData":[]},"publishpress_future_workflow_manual_trigger":{"enabledWorkflows":[]},"_links":{"self":[{"href":"https:\/\/grundschule-muehldorf.de\/index.php?rest_route=\/wp\/v2\/posts\/5671","targetHints":{"allow":["GET"]}}],"collection":[{"href":"https:\/\/grundschule-muehldorf.de\/index.php?rest_route=\/wp\/v2\/posts"}],"about":[{"href":"https:\/\/grundschule-muehldorf.de\/index.php?rest_route=\/wp\/v2\/types\/post"}],"author":[{"embeddable":true,"href":"https:\/\/grundschule-muehldorf.de\/index.php?rest_route=\/wp\/v2\/users\/1"}],"replies":[{"embeddable":true,"href":"https:\/\/grundschule-muehldorf.de\/index.php?rest_route=%2Fwp%2Fv2%2Fcomments&post=5671"}],"version-history":[{"count":2,"href":"https:\/\/grundschule-muehldorf.de\/index.php?rest_route=\/wp\/v2\/posts\/5671\/revisions"}],"predecessor-version":[{"id":5685,"href":"https:\/\/grundschule-muehldorf.de\/index.php?rest_route=\/wp\/v2\/posts\/5671\/revisions\/5685"}],"wp:featuredmedia":[{"embeddable":true,"href":"https:\/\/grundschule-muehldorf.de\/index.php?rest_route=\/wp\/v2\/media\/5678"}],"wp:attachment":[{"href":"https:\/\/grundschule-muehldorf.de\/index.php?rest_route=%2Fwp%2Fv2%2Fmedia&parent=5671"}],"wp:term":[{"taxonomy":"category","embeddable":true,"href":"https:\/\/grundschule-muehldorf.de\/index.php?rest_route=%2Fwp%2Fv2%2Fcategories&post=5671"},{"taxonomy":"post_tag","embeddable":true,"href":"https:\/\/grundschule-muehldorf.de\/index.php?rest_route=%2Fwp%2Fv2%2Ftags&post=5671"}],"curies":[{"name":"wp","href":"https:\/\/api.w.org\/{rel}","templated":true}]}}