{"id":5128,"date":"2021-09-27T11:10:00","date_gmt":"2021-09-27T09:10:00","guid":{"rendered":"http:\/\/grundschule-muehldorf.de\/?p=5128"},"modified":"2021-09-27T11:10:02","modified_gmt":"2021-09-27T09:10:02","slug":"25-jahre-im-schuldienst-2","status":"publish","type":"post","link":"https:\/\/grundschule-muehldorf.de\/?p=5128","title":{"rendered":"25 Jahre im Schuldienst"},"content":{"rendered":"\n<p>Lehrerin Katrin Bergmann und Lehrerin Ulla Fischer erhielten von Schulleiter Martin Wiedenmannott als Dank f\u00fcr 25 Jahre im Schuldienst einen Blumenstrau\u00df sowie eine Dankurkunde der Regierung von Oberbayern ausgeh\u00e4ndigt.<br>Vielen Dank an beide Kolleginnen f\u00fcr viele Jahre Einsatz f\u00fcr unsere Kinder!<\/p>\n\n\n\n<figure class=\"wp-block-gallery columns-2 is-cropped wp-block-gallery-1 is-layout-flex wp-block-gallery-is-layout-flex\"><ul class=\"blocks-gallery-grid\"><li class=\"blocks-gallery-item\"><figure><a href=\"http:\/\/grundschule-muehldorf.de\/wp-content\/uploads\/2021\/09\/210927_25JahreSchuldienst_01.jpg\"><img loading=\"lazy\" decoding=\"async\" width=\"1000\" height=\"667\" src=\"http:\/\/grundschule-muehldorf.de\/wp-content\/uploads\/2021\/09\/210927_25JahreSchuldienst_01.jpg\" alt=\"\" data-id=\"5129\" data-full-url=\"http:\/\/grundschule-muehldorf.de\/wp-content\/uploads\/2021\/09\/210927_25JahreSchuldienst_01.jpg\" data-link=\"http:\/\/grundschule-muehldorf.de\/?attachment_id=5129\" class=\"wp-image-5129\" srcset=\"https:\/\/grundschule-muehldorf.de\/wp-content\/uploads\/2021\/09\/210927_25JahreSchuldienst_01.jpg 1000w, https:\/\/grundschule-muehldorf.de\/wp-content\/uploads\/2021\/09\/210927_25JahreSchuldienst_01-300x200.jpg 300w, https:\/\/grundschule-muehldorf.de\/wp-content\/uploads\/2021\/09\/210927_25JahreSchuldienst_01-768x512.jpg 768w, https:\/\/grundschule-muehldorf.de\/wp-content\/uploads\/2021\/09\/210927_25JahreSchuldienst_01-360x240.jpg 360w\" sizes=\"auto, (max-width: 1000px) 100vw, 1000px\" \/><\/a><\/figure><\/li><li class=\"blocks-gallery-item\"><figure><a href=\"http:\/\/grundschule-muehldorf.de\/wp-content\/uploads\/2021\/09\/210927_25JahreSchuldienst_02.jpg\"><img loading=\"lazy\" decoding=\"async\" width=\"1000\" height=\"667\" src=\"http:\/\/grundschule-muehldorf.de\/wp-content\/uploads\/2021\/09\/210927_25JahreSchuldienst_02.jpg\" alt=\"\" data-id=\"5130\" data-full-url=\"http:\/\/grundschule-muehldorf.de\/wp-content\/uploads\/2021\/09\/210927_25JahreSchuldienst_02.jpg\" data-link=\"http:\/\/grundschule-muehldorf.de\/?attachment_id=5130\" class=\"wp-image-5130\" srcset=\"https:\/\/grundschule-muehldorf.de\/wp-content\/uploads\/2021\/09\/210927_25JahreSchuldienst_02.jpg 1000w, https:\/\/grundschule-muehldorf.de\/wp-content\/uploads\/2021\/09\/210927_25JahreSchuldienst_02-300x200.jpg 300w, https:\/\/grundschule-muehldorf.de\/wp-content\/uploads\/2021\/09\/210927_25JahreSchuldienst_02-768x512.jpg 768w, https:\/\/grundschule-muehldorf.de\/wp-content\/uploads\/2021\/09\/210927_25JahreSchuldienst_02-360x240.jpg 360w\" sizes=\"auto, (max-width: 1000px) 100vw, 1000px\" \/><\/a><\/figure><\/li><\/ul><\/figure>\n","protected":false},"excerpt":{"rendered":"<p>Lehrerin Katrin Bergmann und Lehrerin Ulla Fischer erhielten von Schulleiter Martin Wiedenmannott als Dank f\u00fcr 25 Jahre im Schuldienst einen Blumenstrau\u00df sowie eine Dankurkunde der Regierung von Oberbayern ausgeh\u00e4ndigt.Vielen Dank an beide Kolleginnen f\u00fcr&#46;&#46;&#46;<\/p>\n","protected":false},"author":1,"featured_media":5129,"comment_status":"closed","ping_status":"open","sticky":false,"template":"","format":"standard","meta":{"footnotes":""},"categories":[3],"tags":[],"class_list":["post-5128","post","type-post","status-publish","format-standard","has-post-thumbnail","hentry","category-schulleben"],"publishpress_future_action":{"enabled":false,"date":"2026-05-04 19:04:26","action":"change-status","newStatus":"draft","terms":[],"taxonomy":"category","extraData":[]},"publishpress_future_workflow_manual_trigger":{"enabledWorkflows":[]},"_links":{"self":[{"href":"https:\/\/grundschule-muehldorf.de\/index.php?rest_route=\/wp\/v2\/posts\/5128","targetHints":{"allow":["GET"]}}],"collection":[{"href":"https:\/\/grundschule-muehldorf.de\/index.php?rest_route=\/wp\/v2\/posts"}],"about":[{"href":"https:\/\/grundschule-muehldorf.de\/index.php?rest_route=\/wp\/v2\/types\/post"}],"author":[{"embeddable":true,"href":"https:\/\/grundschule-muehldorf.de\/index.php?rest_route=\/wp\/v2\/users\/1"}],"replies":[{"embeddable":true,"href":"https:\/\/grundschule-muehldorf.de\/index.php?rest_route=%2Fwp%2Fv2%2Fcomments&post=5128"}],"version-history":[{"count":1,"href":"https:\/\/grundschule-muehldorf.de\/index.php?rest_route=\/wp\/v2\/posts\/5128\/revisions"}],"predecessor-version":[{"id":5131,"href":"https:\/\/grundschule-muehldorf.de\/index.php?rest_route=\/wp\/v2\/posts\/5128\/revisions\/5131"}],"wp:featuredmedia":[{"embeddable":true,"href":"https:\/\/grundschule-muehldorf.de\/index.php?rest_route=\/wp\/v2\/media\/5129"}],"wp:attachment":[{"href":"https:\/\/grundschule-muehldorf.de\/index.php?rest_route=%2Fwp%2Fv2%2Fmedia&parent=5128"}],"wp:term":[{"taxonomy":"category","embeddable":true,"href":"https:\/\/grundschule-muehldorf.de\/index.php?rest_route=%2Fwp%2Fv2%2Fcategories&post=5128"},{"taxonomy":"post_tag","embeddable":true,"href":"https:\/\/grundschule-muehldorf.de\/index.php?rest_route=%2Fwp%2Fv2%2Ftags&post=5128"}],"curies":[{"name":"wp","href":"https:\/\/api.w.org\/{rel}","templated":true}]}}