{"id":5100,"date":"2021-09-20T15:43:19","date_gmt":"2021-09-20T13:43:19","guid":{"rendered":"http:\/\/grundschule-muehldorf.de\/?p=5100"},"modified":"2021-09-20T15:43:52","modified_gmt":"2021-09-20T13:43:52","slug":"neues-angebot-das-schulfruehstueck-ist-gestartet","status":"publish","type":"post","link":"https:\/\/grundschule-muehldorf.de\/?p=5100","title":{"rendered":"Neues Angebot: Schulfr\u00fchst\u00fcck"},"content":{"rendered":"\n<p>Mit 15 teilnehmenden Kindern ist unser neues Angebot &#8222;Schulfr\u00fchst\u00fcck&#8220; gestartet. Der langj\u00e4hrige Wunsch der Schule nach einem Fr\u00fchst\u00fccksangebot konnte nun in Kooperation mit dem AWO-Kinderhort ins Leben gerufen werden. Der Hort organisiert k\u00fcnftig dieses neue Angebot, das von der Hort-eigenen Hauswirtschafterin durchgef\u00fchrt wird.<br>Am ersten Tag kamen bereits 15 Sch\u00fclerinnen und Sch\u00fcler in den Speisesaal des Kinderhorts und lie\u00dfen sich das Fr\u00fchst\u00fcck schmecken. Neben Brezen und Semmeln waren auch Wurst, K\u00e4se, M\u00fcsli und verschiedene Aufstriche im Angebot. Die Kinder durften sich am Buffet selbst bedienen und hatten Freude, den Morgen mit ihren Freunden am Fr\u00fchst\u00fcckstisch zu beginnen.<\/p>\n\n\n\n<p>Das Schulfr\u00fchst\u00fcck kostet 1,- \u20ac pro Tag und ist offen f\u00fcr alle Schulkinder im Schulhaus Stadt. Eine Voranmeldung ist nicht notwendig. Der Zugang am Morgen ist \u00fcber den Eingang bei den Lehrerparkpl\u00e4tzen m\u00f6glich. Nach dem Fr\u00fchst\u00fcck gehen die Kinder direkt in ihre Klassenzimmer.<\/p>\n\n\n\n<p>Das neue Schulfr\u00fchst\u00fcck wird m\u00f6glich durch zahlreiche Sponsoren. Unter anderem hat der Lions-Club M\u00fchldorf-Waldkraiburg mit 6.500 \u20ac zur Realisierung beigetragen.<\/p>\n\n\n\n<figure class=\"wp-block-gallery columns-3 is-cropped wp-block-gallery-1 is-layout-flex wp-block-gallery-is-layout-flex\"><ul class=\"blocks-gallery-grid\"><li class=\"blocks-gallery-item\"><figure><img loading=\"lazy\" decoding=\"async\" width=\"1000\" height=\"667\" src=\"http:\/\/grundschule-muehldorf.de\/wp-content\/uploads\/2021\/09\/210920_Schulfruehstueck_01.jpg\" alt=\"\" data-id=\"5102\" data-full-url=\"http:\/\/grundschule-muehldorf.de\/wp-content\/uploads\/2021\/09\/210920_Schulfruehstueck_01.jpg\" data-link=\"http:\/\/grundschule-muehldorf.de\/?attachment_id=5102\" class=\"wp-image-5102\" srcset=\"https:\/\/grundschule-muehldorf.de\/wp-content\/uploads\/2021\/09\/210920_Schulfruehstueck_01.jpg 1000w, https:\/\/grundschule-muehldorf.de\/wp-content\/uploads\/2021\/09\/210920_Schulfruehstueck_01-300x200.jpg 300w, https:\/\/grundschule-muehldorf.de\/wp-content\/uploads\/2021\/09\/210920_Schulfruehstueck_01-768x512.jpg 768w, https:\/\/grundschule-muehldorf.de\/wp-content\/uploads\/2021\/09\/210920_Schulfruehstueck_01-360x240.jpg 360w\" sizes=\"auto, (max-width: 1000px) 100vw, 1000px\" \/><\/figure><\/li><li class=\"blocks-gallery-item\"><figure><img loading=\"lazy\" decoding=\"async\" width=\"1000\" height=\"667\" src=\"http:\/\/grundschule-muehldorf.de\/wp-content\/uploads\/2021\/09\/210920_Schulfruehstueck_02.jpg\" alt=\"\" data-id=\"5103\" data-full-url=\"http:\/\/grundschule-muehldorf.de\/wp-content\/uploads\/2021\/09\/210920_Schulfruehstueck_02.jpg\" data-link=\"http:\/\/grundschule-muehldorf.de\/?attachment_id=5103\" class=\"wp-image-5103\" srcset=\"https:\/\/grundschule-muehldorf.de\/wp-content\/uploads\/2021\/09\/210920_Schulfruehstueck_02.jpg 1000w, https:\/\/grundschule-muehldorf.de\/wp-content\/uploads\/2021\/09\/210920_Schulfruehstueck_02-300x200.jpg 300w, https:\/\/grundschule-muehldorf.de\/wp-content\/uploads\/2021\/09\/210920_Schulfruehstueck_02-768x512.jpg 768w, https:\/\/grundschule-muehldorf.de\/wp-content\/uploads\/2021\/09\/210920_Schulfruehstueck_02-360x240.jpg 360w\" sizes=\"auto, (max-width: 1000px) 100vw, 1000px\" \/><\/figure><\/li><li class=\"blocks-gallery-item\"><figure><img loading=\"lazy\" decoding=\"async\" width=\"1000\" height=\"667\" src=\"http:\/\/grundschule-muehldorf.de\/wp-content\/uploads\/2021\/09\/210920_Schulfruehstueck_03.jpg\" alt=\"\" data-id=\"5104\" data-full-url=\"http:\/\/grundschule-muehldorf.de\/wp-content\/uploads\/2021\/09\/210920_Schulfruehstueck_03.jpg\" data-link=\"http:\/\/grundschule-muehldorf.de\/?attachment_id=5104\" class=\"wp-image-5104\" srcset=\"https:\/\/grundschule-muehldorf.de\/wp-content\/uploads\/2021\/09\/210920_Schulfruehstueck_03.jpg 1000w, https:\/\/grundschule-muehldorf.de\/wp-content\/uploads\/2021\/09\/210920_Schulfruehstueck_03-300x200.jpg 300w, https:\/\/grundschule-muehldorf.de\/wp-content\/uploads\/2021\/09\/210920_Schulfruehstueck_03-768x512.jpg 768w, https:\/\/grundschule-muehldorf.de\/wp-content\/uploads\/2021\/09\/210920_Schulfruehstueck_03-360x240.jpg 360w\" sizes=\"auto, (max-width: 1000px) 100vw, 1000px\" \/><\/figure><\/li><li class=\"blocks-gallery-item\"><figure><img loading=\"lazy\" decoding=\"async\" width=\"1000\" height=\"667\" src=\"http:\/\/grundschule-muehldorf.de\/wp-content\/uploads\/2021\/09\/210920_Schulfruehstueck_04.jpg\" alt=\"\" data-id=\"5105\" data-full-url=\"http:\/\/grundschule-muehldorf.de\/wp-content\/uploads\/2021\/09\/210920_Schulfruehstueck_04.jpg\" data-link=\"http:\/\/grundschule-muehldorf.de\/?attachment_id=5105\" class=\"wp-image-5105\" srcset=\"https:\/\/grundschule-muehldorf.de\/wp-content\/uploads\/2021\/09\/210920_Schulfruehstueck_04.jpg 1000w, https:\/\/grundschule-muehldorf.de\/wp-content\/uploads\/2021\/09\/210920_Schulfruehstueck_04-300x200.jpg 300w, https:\/\/grundschule-muehldorf.de\/wp-content\/uploads\/2021\/09\/210920_Schulfruehstueck_04-768x512.jpg 768w, https:\/\/grundschule-muehldorf.de\/wp-content\/uploads\/2021\/09\/210920_Schulfruehstueck_04-360x240.jpg 360w\" sizes=\"auto, (max-width: 1000px) 100vw, 1000px\" \/><\/figure><\/li><li class=\"blocks-gallery-item\"><figure><img loading=\"lazy\" decoding=\"async\" width=\"1000\" height=\"667\" src=\"http:\/\/grundschule-muehldorf.de\/wp-content\/uploads\/2021\/09\/210920_Schulfruehstueck_05.jpg\" alt=\"\" data-id=\"5106\" data-full-url=\"http:\/\/grundschule-muehldorf.de\/wp-content\/uploads\/2021\/09\/210920_Schulfruehstueck_05.jpg\" data-link=\"http:\/\/grundschule-muehldorf.de\/?attachment_id=5106\" class=\"wp-image-5106\" srcset=\"https:\/\/grundschule-muehldorf.de\/wp-content\/uploads\/2021\/09\/210920_Schulfruehstueck_05.jpg 1000w, https:\/\/grundschule-muehldorf.de\/wp-content\/uploads\/2021\/09\/210920_Schulfruehstueck_05-300x200.jpg 300w, https:\/\/grundschule-muehldorf.de\/wp-content\/uploads\/2021\/09\/210920_Schulfruehstueck_05-768x512.jpg 768w, https:\/\/grundschule-muehldorf.de\/wp-content\/uploads\/2021\/09\/210920_Schulfruehstueck_05-360x240.jpg 360w\" sizes=\"auto, (max-width: 1000px) 100vw, 1000px\" \/><\/figure><\/li><\/ul><\/figure>\n","protected":false},"excerpt":{"rendered":"<p>Mit 15 teilnehmenden Kindern ist unser neues Angebot &#8222;Schulfr\u00fchst\u00fcck&#8220; gestartet. Der langj\u00e4hrige Wunsch der Schule nach einem Fr\u00fchst\u00fccksangebot konnte nun in Kooperation mit dem AWO-Kinderhort ins Leben gerufen werden. Der Hort organisiert k\u00fcnftig dieses&#46;&#46;&#46;<\/p>\n","protected":false},"author":1,"featured_media":5102,"comment_status":"closed","ping_status":"open","sticky":false,"template":"","format":"standard","meta":{"footnotes":""},"categories":[3],"tags":[],"class_list":["post-5100","post","type-post","status-publish","format-standard","has-post-thumbnail","hentry","category-schulleben"],"publishpress_future_action":{"enabled":false,"date":"2026-05-04 19:07:43","action":"change-status","newStatus":"draft","terms":[],"taxonomy":"category","extraData":[]},"publishpress_future_workflow_manual_trigger":{"enabledWorkflows":[]},"_links":{"self":[{"href":"https:\/\/grundschule-muehldorf.de\/index.php?rest_route=\/wp\/v2\/posts\/5100","targetHints":{"allow":["GET"]}}],"collection":[{"href":"https:\/\/grundschule-muehldorf.de\/index.php?rest_route=\/wp\/v2\/posts"}],"about":[{"href":"https:\/\/grundschule-muehldorf.de\/index.php?rest_route=\/wp\/v2\/types\/post"}],"author":[{"embeddable":true,"href":"https:\/\/grundschule-muehldorf.de\/index.php?rest_route=\/wp\/v2\/users\/1"}],"replies":[{"embeddable":true,"href":"https:\/\/grundschule-muehldorf.de\/index.php?rest_route=%2Fwp%2Fv2%2Fcomments&post=5100"}],"version-history":[{"count":3,"href":"https:\/\/grundschule-muehldorf.de\/index.php?rest_route=\/wp\/v2\/posts\/5100\/revisions"}],"predecessor-version":[{"id":5108,"href":"https:\/\/grundschule-muehldorf.de\/index.php?rest_route=\/wp\/v2\/posts\/5100\/revisions\/5108"}],"wp:featuredmedia":[{"embeddable":true,"href":"https:\/\/grundschule-muehldorf.de\/index.php?rest_route=\/wp\/v2\/media\/5102"}],"wp:attachment":[{"href":"https:\/\/grundschule-muehldorf.de\/index.php?rest_route=%2Fwp%2Fv2%2Fmedia&parent=5100"}],"wp:term":[{"taxonomy":"category","embeddable":true,"href":"https:\/\/grundschule-muehldorf.de\/index.php?rest_route=%2Fwp%2Fv2%2Fcategories&post=5100"},{"taxonomy":"post_tag","embeddable":true,"href":"https:\/\/grundschule-muehldorf.de\/index.php?rest_route=%2Fwp%2Fv2%2Ftags&post=5100"}],"curies":[{"name":"wp","href":"https:\/\/api.w.org\/{rel}","templated":true}]}}