{"id":4932,"date":"2021-06-23T14:26:00","date_gmt":"2021-06-23T12:26:00","guid":{"rendered":"http:\/\/grundschule-muehldorf.de\/?p=4932"},"modified":"2021-07-06T14:31:30","modified_gmt":"2021-07-06T12:31:30","slug":"im-umweltgarten-wiesmuehl","status":"publish","type":"post","link":"https:\/\/grundschule-muehldorf.de\/?p=4932","title":{"rendered":"Im Umweltgarten Wiesm\u00fchl"},"content":{"rendered":"\n<p>Passend zum HSU-Thema \u201eUnsere Sommerwiese\u201c besuchte die Klasse 1g den Umweltgarten in Wiesm\u00fchl. Dort lernten die Kinder viele heimische Wiesenblumen genauer kennen. Au\u00dferdem konnten die Sch\u00fclerInnen heimische Unterwasser-Bewohner bestaunen und Lebewesen an Land und in der Luft entdecken.<\/p>\n\n\n\n<figure class=\"wp-block-gallery columns-2 is-cropped wp-block-gallery-1 is-layout-flex wp-block-gallery-is-layout-flex\"><ul class=\"blocks-gallery-grid\"><li class=\"blocks-gallery-item\"><figure><a href=\"http:\/\/grundschule-muehldorf.de\/wp-content\/uploads\/2021\/07\/210623_1gUmweltgarten_01.jpg\"><img loading=\"lazy\" decoding=\"async\" width=\"1000\" height=\"666\" src=\"http:\/\/grundschule-muehldorf.de\/wp-content\/uploads\/2021\/07\/210623_1gUmweltgarten_01.jpg\" alt=\"\" data-id=\"4933\" data-full-url=\"http:\/\/grundschule-muehldorf.de\/wp-content\/uploads\/2021\/07\/210623_1gUmweltgarten_01.jpg\" data-link=\"http:\/\/grundschule-muehldorf.de\/?attachment_id=4933\" class=\"wp-image-4933\" srcset=\"https:\/\/grundschule-muehldorf.de\/wp-content\/uploads\/2021\/07\/210623_1gUmweltgarten_01.jpg 1000w, https:\/\/grundschule-muehldorf.de\/wp-content\/uploads\/2021\/07\/210623_1gUmweltgarten_01-300x200.jpg 300w, https:\/\/grundschule-muehldorf.de\/wp-content\/uploads\/2021\/07\/210623_1gUmweltgarten_01-768x511.jpg 768w, https:\/\/grundschule-muehldorf.de\/wp-content\/uploads\/2021\/07\/210623_1gUmweltgarten_01-360x240.jpg 360w\" sizes=\"auto, (max-width: 1000px) 100vw, 1000px\" \/><\/a><\/figure><\/li><li class=\"blocks-gallery-item\"><figure><a href=\"http:\/\/grundschule-muehldorf.de\/wp-content\/uploads\/2021\/07\/210623_1gUmweltgarten_02.jpg\"><img loading=\"lazy\" decoding=\"async\" width=\"1000\" height=\"666\" src=\"http:\/\/grundschule-muehldorf.de\/wp-content\/uploads\/2021\/07\/210623_1gUmweltgarten_02.jpg\" alt=\"\" data-id=\"4934\" data-full-url=\"http:\/\/grundschule-muehldorf.de\/wp-content\/uploads\/2021\/07\/210623_1gUmweltgarten_02.jpg\" data-link=\"http:\/\/grundschule-muehldorf.de\/?attachment_id=4934\" class=\"wp-image-4934\" srcset=\"https:\/\/grundschule-muehldorf.de\/wp-content\/uploads\/2021\/07\/210623_1gUmweltgarten_02.jpg 1000w, https:\/\/grundschule-muehldorf.de\/wp-content\/uploads\/2021\/07\/210623_1gUmweltgarten_02-300x200.jpg 300w, https:\/\/grundschule-muehldorf.de\/wp-content\/uploads\/2021\/07\/210623_1gUmweltgarten_02-768x511.jpg 768w, https:\/\/grundschule-muehldorf.de\/wp-content\/uploads\/2021\/07\/210623_1gUmweltgarten_02-360x240.jpg 360w\" sizes=\"auto, (max-width: 1000px) 100vw, 1000px\" \/><\/a><\/figure><\/li><\/ul><\/figure>\n","protected":false},"excerpt":{"rendered":"<p>Passend zum HSU-Thema \u201eUnsere Sommerwiese\u201c besuchte die Klasse 1g den Umweltgarten in Wiesm\u00fchl. Dort lernten die Kinder viele heimische Wiesenblumen genauer kennen. Au\u00dferdem konnten die Sch\u00fclerInnen heimische Unterwasser-Bewohner bestaunen und Lebewesen an Land und&#46;&#46;&#46;<\/p>\n","protected":false},"author":1,"featured_media":4933,"comment_status":"closed","ping_status":"open","sticky":false,"template":"","format":"standard","meta":{"footnotes":""},"categories":[3],"tags":[],"class_list":["post-4932","post","type-post","status-publish","format-standard","has-post-thumbnail","hentry","category-schulleben"],"publishpress_future_action":{"enabled":false,"date":"2026-05-08 02:57:03","action":"change-status","newStatus":"draft","terms":[],"taxonomy":"category","extraData":[]},"publishpress_future_workflow_manual_trigger":{"enabledWorkflows":[]},"_links":{"self":[{"href":"https:\/\/grundschule-muehldorf.de\/index.php?rest_route=\/wp\/v2\/posts\/4932","targetHints":{"allow":["GET"]}}],"collection":[{"href":"https:\/\/grundschule-muehldorf.de\/index.php?rest_route=\/wp\/v2\/posts"}],"about":[{"href":"https:\/\/grundschule-muehldorf.de\/index.php?rest_route=\/wp\/v2\/types\/post"}],"author":[{"embeddable":true,"href":"https:\/\/grundschule-muehldorf.de\/index.php?rest_route=\/wp\/v2\/users\/1"}],"replies":[{"embeddable":true,"href":"https:\/\/grundschule-muehldorf.de\/index.php?rest_route=%2Fwp%2Fv2%2Fcomments&post=4932"}],"version-history":[{"count":1,"href":"https:\/\/grundschule-muehldorf.de\/index.php?rest_route=\/wp\/v2\/posts\/4932\/revisions"}],"predecessor-version":[{"id":4935,"href":"https:\/\/grundschule-muehldorf.de\/index.php?rest_route=\/wp\/v2\/posts\/4932\/revisions\/4935"}],"wp:featuredmedia":[{"embeddable":true,"href":"https:\/\/grundschule-muehldorf.de\/index.php?rest_route=\/wp\/v2\/media\/4933"}],"wp:attachment":[{"href":"https:\/\/grundschule-muehldorf.de\/index.php?rest_route=%2Fwp%2Fv2%2Fmedia&parent=4932"}],"wp:term":[{"taxonomy":"category","embeddable":true,"href":"https:\/\/grundschule-muehldorf.de\/index.php?rest_route=%2Fwp%2Fv2%2Fcategories&post=4932"},{"taxonomy":"post_tag","embeddable":true,"href":"https:\/\/grundschule-muehldorf.de\/index.php?rest_route=%2Fwp%2Fv2%2Ftags&post=4932"}],"curies":[{"name":"wp","href":"https:\/\/api.w.org\/{rel}","templated":true}]}}