{"id":4662,"date":"2021-03-17T07:51:00","date_gmt":"2021-03-17T06:51:00","guid":{"rendered":"http:\/\/grundschule-muehldorf.de\/?p=4662"},"modified":"2021-03-22T08:01:07","modified_gmt":"2021-03-22T07:01:07","slug":"3-000-masken-fuer-die-schueler","status":"publish","type":"post","link":"https:\/\/grundschule-muehldorf.de\/?p=4662","title":{"rendered":"3.000 Masken f\u00fcr die Sch\u00fcler"},"content":{"rendered":"\n<p>Nachdem inzwischen den Sch\u00fclerinnen und Sch\u00fclern empfohlen wird, im Unterricht OP-Masken statt wie bisher Alltagsmasken zu tragen, hat unser F\u00f6rderverein 3.000 Masken beschafft. Diese stehen nun den Lehrkr\u00e4ften zur individuellen Vergabe an die Kinder zur Verf\u00fcgung.<br>Wir sind sehr froh dar\u00fcber, dass ortsans\u00e4ssige Unternehmen und der F\u00f6rderverein unsere Grundschule auch in diesen schwierigen Zeiten unterst\u00fctzen.<br>Ein besonderer Dank gilt den Firmen Obi und Norma, welche uns jeweils ca. 1.000 OP-Masken zur Verf\u00fcgung stellten. Bedanken wollen wir uns an dieser Stelle auch beim DM-Markt f\u00fcr eine Masken-Spende sowie bei der Sparkasse M\u00fchldorf, die den Kauf mit 250\u20ac unterst\u00fctzt hat.<\/p>\n\n\n\n<div class=\"wp-block-image\"><figure class=\"aligncenter size-large\"><a href=\"http:\/\/grundschule-muehldorf.de\/wp-content\/uploads\/2021\/03\/210317_FoerdervereinMasken_01.jpg\"><img loading=\"lazy\" decoding=\"async\" width=\"1000\" height=\"667\" src=\"http:\/\/grundschule-muehldorf.de\/wp-content\/uploads\/2021\/03\/210317_FoerdervereinMasken_01.jpg\" alt=\"\" class=\"wp-image-4663\" srcset=\"https:\/\/grundschule-muehldorf.de\/wp-content\/uploads\/2021\/03\/210317_FoerdervereinMasken_01.jpg 1000w, https:\/\/grundschule-muehldorf.de\/wp-content\/uploads\/2021\/03\/210317_FoerdervereinMasken_01-300x200.jpg 300w, https:\/\/grundschule-muehldorf.de\/wp-content\/uploads\/2021\/03\/210317_FoerdervereinMasken_01-768x512.jpg 768w, https:\/\/grundschule-muehldorf.de\/wp-content\/uploads\/2021\/03\/210317_FoerdervereinMasken_01-360x240.jpg 360w\" sizes=\"auto, (max-width: 1000px) 100vw, 1000px\" \/><\/a><\/figure><\/div>\n","protected":false},"excerpt":{"rendered":"<p>Nachdem inzwischen den Sch\u00fclerinnen und Sch\u00fclern empfohlen wird, im Unterricht OP-Masken statt wie bisher Alltagsmasken zu tragen, hat unser F\u00f6rderverein 3.000 Masken beschafft. Diese stehen nun den Lehrkr\u00e4ften zur individuellen Vergabe an die Kinder&#46;&#46;&#46;<\/p>\n","protected":false},"author":1,"featured_media":4663,"comment_status":"closed","ping_status":"open","sticky":false,"template":"","format":"standard","meta":{"footnotes":""},"categories":[3],"tags":[],"class_list":["post-4662","post","type-post","status-publish","format-standard","has-post-thumbnail","hentry","category-schulleben"],"publishpress_future_action":{"enabled":false,"date":"2026-05-04 17:46:09","action":"change-status","newStatus":"draft","terms":[],"taxonomy":"category","extraData":[]},"publishpress_future_workflow_manual_trigger":{"enabledWorkflows":[]},"_links":{"self":[{"href":"https:\/\/grundschule-muehldorf.de\/index.php?rest_route=\/wp\/v2\/posts\/4662","targetHints":{"allow":["GET"]}}],"collection":[{"href":"https:\/\/grundschule-muehldorf.de\/index.php?rest_route=\/wp\/v2\/posts"}],"about":[{"href":"https:\/\/grundschule-muehldorf.de\/index.php?rest_route=\/wp\/v2\/types\/post"}],"author":[{"embeddable":true,"href":"https:\/\/grundschule-muehldorf.de\/index.php?rest_route=\/wp\/v2\/users\/1"}],"replies":[{"embeddable":true,"href":"https:\/\/grundschule-muehldorf.de\/index.php?rest_route=%2Fwp%2Fv2%2Fcomments&post=4662"}],"version-history":[{"count":1,"href":"https:\/\/grundschule-muehldorf.de\/index.php?rest_route=\/wp\/v2\/posts\/4662\/revisions"}],"predecessor-version":[{"id":4664,"href":"https:\/\/grundschule-muehldorf.de\/index.php?rest_route=\/wp\/v2\/posts\/4662\/revisions\/4664"}],"wp:featuredmedia":[{"embeddable":true,"href":"https:\/\/grundschule-muehldorf.de\/index.php?rest_route=\/wp\/v2\/media\/4663"}],"wp:attachment":[{"href":"https:\/\/grundschule-muehldorf.de\/index.php?rest_route=%2Fwp%2Fv2%2Fmedia&parent=4662"}],"wp:term":[{"taxonomy":"category","embeddable":true,"href":"https:\/\/grundschule-muehldorf.de\/index.php?rest_route=%2Fwp%2Fv2%2Fcategories&post=4662"},{"taxonomy":"post_tag","embeddable":true,"href":"https:\/\/grundschule-muehldorf.de\/index.php?rest_route=%2Fwp%2Fv2%2Ftags&post=4662"}],"curies":[{"name":"wp","href":"https:\/\/api.w.org\/{rel}","templated":true}]}}