{"id":4534,"date":"2021-03-01T07:36:00","date_gmt":"2021-03-01T06:36:00","guid":{"rendered":"http:\/\/grundschule-muehldorf.de\/?p=4534"},"modified":"2021-03-03T07:43:57","modified_gmt":"2021-03-03T06:43:57","slug":"zu-besuch-bei-den-rittern","status":"publish","type":"post","link":"https:\/\/grundschule-muehldorf.de\/?p=4534","title":{"rendered":"Zu Besuch bei den Rittern"},"content":{"rendered":"\n<p>Einige Kinder aus den Ganztagesklassen durften echte Ritter besuchen. Diese kamen extra aus Kraiburg in den Haberkasten in M\u00fchldorf. Die Ganztageskinder konnten nicht nur bei Ritterk\u00e4mpfen zuschauen, sie durften sogar selbst die Schwerter und Teile der Ausr\u00fcstung ausprobieren. Vielen Dank an Frau Herrmann vom \u00f6rtlichen Museum f\u00fcr dieses tolle Erlebnis.<\/p>\n\n\n\n<figure class=\"wp-block-gallery columns-3 is-cropped wp-block-gallery-1 is-layout-flex wp-block-gallery-is-layout-flex\"><ul class=\"blocks-gallery-grid\"><li class=\"blocks-gallery-item\"><figure><a href=\"http:\/\/grundschule-muehldorf.de\/wp-content\/uploads\/2021\/03\/210301_Ritter_01.jpg\"><img loading=\"lazy\" decoding=\"async\" width=\"1000\" height=\"667\" src=\"http:\/\/grundschule-muehldorf.de\/wp-content\/uploads\/2021\/03\/210301_Ritter_01.jpg\" alt=\"\" data-id=\"4535\" data-full-url=\"http:\/\/grundschule-muehldorf.de\/wp-content\/uploads\/2021\/03\/210301_Ritter_01.jpg\" data-link=\"http:\/\/grundschule-muehldorf.de\/?attachment_id=4535\" class=\"wp-image-4535\" srcset=\"https:\/\/grundschule-muehldorf.de\/wp-content\/uploads\/2021\/03\/210301_Ritter_01.jpg 1000w, https:\/\/grundschule-muehldorf.de\/wp-content\/uploads\/2021\/03\/210301_Ritter_01-300x200.jpg 300w, https:\/\/grundschule-muehldorf.de\/wp-content\/uploads\/2021\/03\/210301_Ritter_01-768x512.jpg 768w, https:\/\/grundschule-muehldorf.de\/wp-content\/uploads\/2021\/03\/210301_Ritter_01-360x240.jpg 360w\" sizes=\"auto, (max-width: 1000px) 100vw, 1000px\" \/><\/a><\/figure><\/li><li class=\"blocks-gallery-item\"><figure><a href=\"http:\/\/grundschule-muehldorf.de\/wp-content\/uploads\/2021\/03\/210301_Ritter_02.jpg\"><img loading=\"lazy\" decoding=\"async\" width=\"1000\" height=\"667\" src=\"http:\/\/grundschule-muehldorf.de\/wp-content\/uploads\/2021\/03\/210301_Ritter_02.jpg\" alt=\"\" data-id=\"4536\" data-full-url=\"http:\/\/grundschule-muehldorf.de\/wp-content\/uploads\/2021\/03\/210301_Ritter_02.jpg\" data-link=\"http:\/\/grundschule-muehldorf.de\/?attachment_id=4536\" class=\"wp-image-4536\" srcset=\"https:\/\/grundschule-muehldorf.de\/wp-content\/uploads\/2021\/03\/210301_Ritter_02.jpg 1000w, https:\/\/grundschule-muehldorf.de\/wp-content\/uploads\/2021\/03\/210301_Ritter_02-300x200.jpg 300w, https:\/\/grundschule-muehldorf.de\/wp-content\/uploads\/2021\/03\/210301_Ritter_02-768x512.jpg 768w, https:\/\/grundschule-muehldorf.de\/wp-content\/uploads\/2021\/03\/210301_Ritter_02-360x240.jpg 360w\" sizes=\"auto, (max-width: 1000px) 100vw, 1000px\" \/><\/a><\/figure><\/li><li class=\"blocks-gallery-item\"><figure><a href=\"http:\/\/grundschule-muehldorf.de\/wp-content\/uploads\/2021\/03\/210301_Ritter_03.jpg\"><img loading=\"lazy\" decoding=\"async\" width=\"1000\" height=\"667\" src=\"http:\/\/grundschule-muehldorf.de\/wp-content\/uploads\/2021\/03\/210301_Ritter_03.jpg\" alt=\"\" data-id=\"4537\" data-full-url=\"http:\/\/grundschule-muehldorf.de\/wp-content\/uploads\/2021\/03\/210301_Ritter_03.jpg\" data-link=\"http:\/\/grundschule-muehldorf.de\/?attachment_id=4537\" class=\"wp-image-4537\" srcset=\"https:\/\/grundschule-muehldorf.de\/wp-content\/uploads\/2021\/03\/210301_Ritter_03.jpg 1000w, https:\/\/grundschule-muehldorf.de\/wp-content\/uploads\/2021\/03\/210301_Ritter_03-300x200.jpg 300w, https:\/\/grundschule-muehldorf.de\/wp-content\/uploads\/2021\/03\/210301_Ritter_03-768x512.jpg 768w, https:\/\/grundschule-muehldorf.de\/wp-content\/uploads\/2021\/03\/210301_Ritter_03-360x240.jpg 360w\" sizes=\"auto, (max-width: 1000px) 100vw, 1000px\" \/><\/a><\/figure><\/li><\/ul><\/figure>\n","protected":false},"excerpt":{"rendered":"<p>Einige Kinder aus den Ganztagesklassen durften echte Ritter besuchen. Diese kamen extra aus Kraiburg in den Haberkasten in M\u00fchldorf. Die Ganztageskinder konnten nicht nur bei Ritterk\u00e4mpfen zuschauen, sie durften sogar selbst die Schwerter und&#46;&#46;&#46;<\/p>\n","protected":false},"author":1,"featured_media":4537,"comment_status":"closed","ping_status":"open","sticky":false,"template":"","format":"standard","meta":{"footnotes":""},"categories":[3],"tags":[],"class_list":["post-4534","post","type-post","status-publish","format-standard","has-post-thumbnail","hentry","category-schulleben"],"publishpress_future_action":{"enabled":false,"date":"2026-05-04 19:03:14","action":"change-status","newStatus":"draft","terms":[],"taxonomy":"category","extraData":[]},"publishpress_future_workflow_manual_trigger":{"enabledWorkflows":[]},"_links":{"self":[{"href":"https:\/\/grundschule-muehldorf.de\/index.php?rest_route=\/wp\/v2\/posts\/4534","targetHints":{"allow":["GET"]}}],"collection":[{"href":"https:\/\/grundschule-muehldorf.de\/index.php?rest_route=\/wp\/v2\/posts"}],"about":[{"href":"https:\/\/grundschule-muehldorf.de\/index.php?rest_route=\/wp\/v2\/types\/post"}],"author":[{"embeddable":true,"href":"https:\/\/grundschule-muehldorf.de\/index.php?rest_route=\/wp\/v2\/users\/1"}],"replies":[{"embeddable":true,"href":"https:\/\/grundschule-muehldorf.de\/index.php?rest_route=%2Fwp%2Fv2%2Fcomments&post=4534"}],"version-history":[{"count":1,"href":"https:\/\/grundschule-muehldorf.de\/index.php?rest_route=\/wp\/v2\/posts\/4534\/revisions"}],"predecessor-version":[{"id":4538,"href":"https:\/\/grundschule-muehldorf.de\/index.php?rest_route=\/wp\/v2\/posts\/4534\/revisions\/4538"}],"wp:featuredmedia":[{"embeddable":true,"href":"https:\/\/grundschule-muehldorf.de\/index.php?rest_route=\/wp\/v2\/media\/4537"}],"wp:attachment":[{"href":"https:\/\/grundschule-muehldorf.de\/index.php?rest_route=%2Fwp%2Fv2%2Fmedia&parent=4534"}],"wp:term":[{"taxonomy":"category","embeddable":true,"href":"https:\/\/grundschule-muehldorf.de\/index.php?rest_route=%2Fwp%2Fv2%2Fcategories&post=4534"},{"taxonomy":"post_tag","embeddable":true,"href":"https:\/\/grundschule-muehldorf.de\/index.php?rest_route=%2Fwp%2Fv2%2Ftags&post=4534"}],"curies":[{"name":"wp","href":"https:\/\/api.w.org\/{rel}","templated":true}]}}