{"id":4223,"date":"2020-11-30T12:12:00","date_gmt":"2020-11-30T11:12:00","guid":{"rendered":"http:\/\/grundschule-muehldorf.de\/?p=4223"},"modified":"2020-12-01T12:22:27","modified_gmt":"2020-12-01T11:22:27","slug":"weihe-der-adventskraenze","status":"publish","type":"post","link":"https:\/\/grundschule-muehldorf.de\/?p=4223","title":{"rendered":"Weihe der Adventskr\u00e4nze"},"content":{"rendered":"\n<p>Einer guten Tradition folgend haben die Klassenelternsprecher*innen jeder Klasse einen Adventskranz gestiftet. Am Montag nach dem ersten Advent wurden die Kr\u00e4nze durch Herrn Weidinger von der katholischen Stadtkirche gesegnet. Herr Weidinger segnete zun\u00e4chst den gro\u00dfen Adventskranz in der Aula und spendete anschlie\u00dfend den Segen in jeder Klasse &#8211; nat\u00fcrlich unter Corona-Bedingungen von der T\u00fcre aus.<\/p>\n\n\n\n<figure class=\"wp-block-gallery aligncenter columns-3 is-cropped wp-block-gallery-1 is-layout-flex wp-block-gallery-is-layout-flex\"><ul class=\"blocks-gallery-grid\"><li class=\"blocks-gallery-item\"><figure><a href=\"http:\/\/grundschule-muehldorf.de\/wp-content\/uploads\/2020\/12\/201130_Advent_01.jpg\"><img loading=\"lazy\" decoding=\"async\" width=\"1000\" height=\"667\" src=\"http:\/\/grundschule-muehldorf.de\/wp-content\/uploads\/2020\/12\/201130_Advent_01.jpg\" alt=\"\" data-id=\"4224\" data-full-url=\"http:\/\/grundschule-muehldorf.de\/wp-content\/uploads\/2020\/12\/201130_Advent_01.jpg\" data-link=\"http:\/\/grundschule-muehldorf.de\/?attachment_id=4224\" class=\"wp-image-4224\" srcset=\"https:\/\/grundschule-muehldorf.de\/wp-content\/uploads\/2020\/12\/201130_Advent_01.jpg 1000w, https:\/\/grundschule-muehldorf.de\/wp-content\/uploads\/2020\/12\/201130_Advent_01-300x200.jpg 300w, https:\/\/grundschule-muehldorf.de\/wp-content\/uploads\/2020\/12\/201130_Advent_01-768x512.jpg 768w, https:\/\/grundschule-muehldorf.de\/wp-content\/uploads\/2020\/12\/201130_Advent_01-360x240.jpg 360w\" sizes=\"auto, (max-width: 1000px) 100vw, 1000px\" \/><\/a><\/figure><\/li><li class=\"blocks-gallery-item\"><figure><a href=\"http:\/\/grundschule-muehldorf.de\/wp-content\/uploads\/2020\/12\/201130_Advent_02.jpg\"><img loading=\"lazy\" decoding=\"async\" width=\"1000\" height=\"667\" src=\"http:\/\/grundschule-muehldorf.de\/wp-content\/uploads\/2020\/12\/201130_Advent_02.jpg\" alt=\"\" data-id=\"4225\" data-full-url=\"http:\/\/grundschule-muehldorf.de\/wp-content\/uploads\/2020\/12\/201130_Advent_02.jpg\" data-link=\"http:\/\/grundschule-muehldorf.de\/?attachment_id=4225\" class=\"wp-image-4225\" srcset=\"https:\/\/grundschule-muehldorf.de\/wp-content\/uploads\/2020\/12\/201130_Advent_02.jpg 1000w, https:\/\/grundschule-muehldorf.de\/wp-content\/uploads\/2020\/12\/201130_Advent_02-300x200.jpg 300w, https:\/\/grundschule-muehldorf.de\/wp-content\/uploads\/2020\/12\/201130_Advent_02-768x512.jpg 768w, https:\/\/grundschule-muehldorf.de\/wp-content\/uploads\/2020\/12\/201130_Advent_02-360x240.jpg 360w\" sizes=\"auto, (max-width: 1000px) 100vw, 1000px\" \/><\/a><\/figure><\/li><li class=\"blocks-gallery-item\"><figure><a href=\"http:\/\/grundschule-muehldorf.de\/wp-content\/uploads\/2020\/12\/201130_Advent_03.jpg\"><img loading=\"lazy\" decoding=\"async\" width=\"1000\" height=\"667\" src=\"http:\/\/grundschule-muehldorf.de\/wp-content\/uploads\/2020\/12\/201130_Advent_03.jpg\" alt=\"\" data-id=\"4226\" data-full-url=\"http:\/\/grundschule-muehldorf.de\/wp-content\/uploads\/2020\/12\/201130_Advent_03.jpg\" data-link=\"http:\/\/grundschule-muehldorf.de\/?attachment_id=4226\" class=\"wp-image-4226\" srcset=\"https:\/\/grundschule-muehldorf.de\/wp-content\/uploads\/2020\/12\/201130_Advent_03.jpg 1000w, https:\/\/grundschule-muehldorf.de\/wp-content\/uploads\/2020\/12\/201130_Advent_03-300x200.jpg 300w, https:\/\/grundschule-muehldorf.de\/wp-content\/uploads\/2020\/12\/201130_Advent_03-768x512.jpg 768w, https:\/\/grundschule-muehldorf.de\/wp-content\/uploads\/2020\/12\/201130_Advent_03-360x240.jpg 360w\" sizes=\"auto, (max-width: 1000px) 100vw, 1000px\" \/><\/a><\/figure><\/li><\/ul><\/figure>\n","protected":false},"excerpt":{"rendered":"<p>Einer guten Tradition folgend haben die Klassenelternsprecher*innen jeder Klasse einen Adventskranz gestiftet. Am Montag nach dem ersten Advent wurden die Kr\u00e4nze durch Herrn Weidinger von der katholischen Stadtkirche gesegnet. Herr Weidinger segnete zun\u00e4chst den&#46;&#46;&#46;<\/p>\n","protected":false},"author":1,"featured_media":4224,"comment_status":"closed","ping_status":"open","sticky":false,"template":"","format":"standard","meta":{"footnotes":""},"categories":[3],"tags":[],"class_list":["post-4223","post","type-post","status-publish","format-standard","has-post-thumbnail","hentry","category-schulleben"],"publishpress_future_action":{"enabled":false,"date":"2026-05-05 19:00:38","action":"change-status","newStatus":"draft","terms":[],"taxonomy":"category","extraData":[]},"publishpress_future_workflow_manual_trigger":{"enabledWorkflows":[]},"_links":{"self":[{"href":"https:\/\/grundschule-muehldorf.de\/index.php?rest_route=\/wp\/v2\/posts\/4223","targetHints":{"allow":["GET"]}}],"collection":[{"href":"https:\/\/grundschule-muehldorf.de\/index.php?rest_route=\/wp\/v2\/posts"}],"about":[{"href":"https:\/\/grundschule-muehldorf.de\/index.php?rest_route=\/wp\/v2\/types\/post"}],"author":[{"embeddable":true,"href":"https:\/\/grundschule-muehldorf.de\/index.php?rest_route=\/wp\/v2\/users\/1"}],"replies":[{"embeddable":true,"href":"https:\/\/grundschule-muehldorf.de\/index.php?rest_route=%2Fwp%2Fv2%2Fcomments&post=4223"}],"version-history":[{"count":1,"href":"https:\/\/grundschule-muehldorf.de\/index.php?rest_route=\/wp\/v2\/posts\/4223\/revisions"}],"predecessor-version":[{"id":4227,"href":"https:\/\/grundschule-muehldorf.de\/index.php?rest_route=\/wp\/v2\/posts\/4223\/revisions\/4227"}],"wp:featuredmedia":[{"embeddable":true,"href":"https:\/\/grundschule-muehldorf.de\/index.php?rest_route=\/wp\/v2\/media\/4224"}],"wp:attachment":[{"href":"https:\/\/grundschule-muehldorf.de\/index.php?rest_route=%2Fwp%2Fv2%2Fmedia&parent=4223"}],"wp:term":[{"taxonomy":"category","embeddable":true,"href":"https:\/\/grundschule-muehldorf.de\/index.php?rest_route=%2Fwp%2Fv2%2Fcategories&post=4223"},{"taxonomy":"post_tag","embeddable":true,"href":"https:\/\/grundschule-muehldorf.de\/index.php?rest_route=%2Fwp%2Fv2%2Ftags&post=4223"}],"curies":[{"name":"wp","href":"https:\/\/api.w.org\/{rel}","templated":true}]}}