{"id":4194,"date":"2020-11-20T14:05:00","date_gmt":"2020-11-20T13:05:00","guid":{"rendered":"http:\/\/grundschule-muehldorf.de\/?p=4194"},"modified":"2020-11-23T14:12:17","modified_gmt":"2020-11-23T13:12:17","slug":"bundesweiter-vorlesetag-2020","status":"publish","type":"post","link":"https:\/\/grundschule-muehldorf.de\/?p=4194","title":{"rendered":"Bundesweiter Vorlesetag 2020"},"content":{"rendered":"\n<p>In den vergangenen Schuljahren war es \u00fcblich, zum bundesweiten Vorlesetag viele M\u00fchldorfer &#8222;Promis&#8220; in die Schule einzuladen. Diese lasen jeweils einer Klasse aus einem Kinderbuch vor.<br>Die Corona-Pandemie machte jedoch auch vor dem Vorlesetag nicht Halt. Ein Besuch in den Klassen war in diesem Jahr nicht m\u00f6glich.<br>Lehrerin Katrin Bauer hatte deswegen die Idee, unseren 1. B\u00fcrgermeister Michael Hetzl und die 2. B\u00fcrgermeisterin Ilse Preisinger-Sonntag zu bitten, ein Vorlese-Video aufzunehmen. So kamen alle Klassen auch heuer in den Genuss eines bekannten Vorlesers.<br>B\u00fcrgermeister Hetzl hatte sich das Buch vom &#8222;Kleinen Raben Socke&#8220; ausgesucht, Frau Preisinger-Sontag erz\u00e4hlte &#8222;Neues vom Franz&#8220;.<br>Vielen Dank f\u00fcr diese tolle Aktion!<\/p>\n\n\n\n<figure class=\"wp-block-gallery aligncenter columns-3 is-cropped wp-block-gallery-1 is-layout-flex wp-block-gallery-is-layout-flex\"><ul class=\"blocks-gallery-grid\"><li class=\"blocks-gallery-item\"><figure><a href=\"http:\/\/grundschule-muehldorf.de\/wp-content\/uploads\/2020\/11\/201120_Vorlesetag_01.jpg\"><img loading=\"lazy\" decoding=\"async\" width=\"1000\" height=\"667\" src=\"http:\/\/grundschule-muehldorf.de\/wp-content\/uploads\/2020\/11\/201120_Vorlesetag_01.jpg\" alt=\"\" data-id=\"4195\" data-full-url=\"http:\/\/grundschule-muehldorf.de\/wp-content\/uploads\/2020\/11\/201120_Vorlesetag_01.jpg\" data-link=\"http:\/\/grundschule-muehldorf.de\/?attachment_id=4195\" class=\"wp-image-4195\" srcset=\"https:\/\/grundschule-muehldorf.de\/wp-content\/uploads\/2020\/11\/201120_Vorlesetag_01.jpg 1000w, https:\/\/grundschule-muehldorf.de\/wp-content\/uploads\/2020\/11\/201120_Vorlesetag_01-300x200.jpg 300w, https:\/\/grundschule-muehldorf.de\/wp-content\/uploads\/2020\/11\/201120_Vorlesetag_01-768x512.jpg 768w, https:\/\/grundschule-muehldorf.de\/wp-content\/uploads\/2020\/11\/201120_Vorlesetag_01-360x240.jpg 360w\" sizes=\"auto, (max-width: 1000px) 100vw, 1000px\" \/><\/a><\/figure><\/li><li class=\"blocks-gallery-item\"><figure><a href=\"http:\/\/grundschule-muehldorf.de\/wp-content\/uploads\/2020\/11\/201120_Vorlesetag_02.jpg\"><img loading=\"lazy\" decoding=\"async\" width=\"1000\" height=\"667\" src=\"http:\/\/grundschule-muehldorf.de\/wp-content\/uploads\/2020\/11\/201120_Vorlesetag_02.jpg\" alt=\"\" data-id=\"4196\" data-full-url=\"http:\/\/grundschule-muehldorf.de\/wp-content\/uploads\/2020\/11\/201120_Vorlesetag_02.jpg\" data-link=\"http:\/\/grundschule-muehldorf.de\/?attachment_id=4196\" class=\"wp-image-4196\" srcset=\"https:\/\/grundschule-muehldorf.de\/wp-content\/uploads\/2020\/11\/201120_Vorlesetag_02.jpg 1000w, https:\/\/grundschule-muehldorf.de\/wp-content\/uploads\/2020\/11\/201120_Vorlesetag_02-300x200.jpg 300w, https:\/\/grundschule-muehldorf.de\/wp-content\/uploads\/2020\/11\/201120_Vorlesetag_02-768x512.jpg 768w, https:\/\/grundschule-muehldorf.de\/wp-content\/uploads\/2020\/11\/201120_Vorlesetag_02-360x240.jpg 360w\" sizes=\"auto, (max-width: 1000px) 100vw, 1000px\" \/><\/a><\/figure><\/li><li class=\"blocks-gallery-item\"><figure><a href=\"http:\/\/grundschule-muehldorf.de\/wp-content\/uploads\/2020\/11\/201120_Vorlesetag_03.jpg\"><img loading=\"lazy\" decoding=\"async\" width=\"1000\" height=\"667\" src=\"http:\/\/grundschule-muehldorf.de\/wp-content\/uploads\/2020\/11\/201120_Vorlesetag_03.jpg\" alt=\"\" data-id=\"4197\" data-full-url=\"http:\/\/grundschule-muehldorf.de\/wp-content\/uploads\/2020\/11\/201120_Vorlesetag_03.jpg\" data-link=\"http:\/\/grundschule-muehldorf.de\/?attachment_id=4197\" class=\"wp-image-4197\" srcset=\"https:\/\/grundschule-muehldorf.de\/wp-content\/uploads\/2020\/11\/201120_Vorlesetag_03.jpg 1000w, https:\/\/grundschule-muehldorf.de\/wp-content\/uploads\/2020\/11\/201120_Vorlesetag_03-300x200.jpg 300w, https:\/\/grundschule-muehldorf.de\/wp-content\/uploads\/2020\/11\/201120_Vorlesetag_03-768x512.jpg 768w, https:\/\/grundschule-muehldorf.de\/wp-content\/uploads\/2020\/11\/201120_Vorlesetag_03-360x240.jpg 360w\" sizes=\"auto, (max-width: 1000px) 100vw, 1000px\" \/><\/a><\/figure><\/li><\/ul><\/figure>\n\n\n","protected":false},"excerpt":{"rendered":"<p>In den vergangenen Schuljahren war es \u00fcblich, zum bundesweiten Vorlesetag viele M\u00fchldorfer &#8222;Promis&#8220; in die Schule einzuladen. Diese lasen jeweils einer Klasse aus einem Kinderbuch vor.Die Corona-Pandemie machte jedoch auch vor dem Vorlesetag nicht&#46;&#46;&#46;<\/p>\n","protected":false},"author":1,"featured_media":4197,"comment_status":"closed","ping_status":"open","sticky":false,"template":"","format":"standard","meta":{"footnotes":""},"categories":[3],"tags":[],"class_list":["post-4194","post","type-post","status-publish","format-standard","has-post-thumbnail","hentry","category-schulleben"],"publishpress_future_action":{"enabled":false,"date":"2026-05-04 19:10:29","action":"change-status","newStatus":"draft","terms":[],"taxonomy":"category","extraData":[]},"publishpress_future_workflow_manual_trigger":{"enabledWorkflows":[]},"_links":{"self":[{"href":"https:\/\/grundschule-muehldorf.de\/index.php?rest_route=\/wp\/v2\/posts\/4194","targetHints":{"allow":["GET"]}}],"collection":[{"href":"https:\/\/grundschule-muehldorf.de\/index.php?rest_route=\/wp\/v2\/posts"}],"about":[{"href":"https:\/\/grundschule-muehldorf.de\/index.php?rest_route=\/wp\/v2\/types\/post"}],"author":[{"embeddable":true,"href":"https:\/\/grundschule-muehldorf.de\/index.php?rest_route=\/wp\/v2\/users\/1"}],"replies":[{"embeddable":true,"href":"https:\/\/grundschule-muehldorf.de\/index.php?rest_route=%2Fwp%2Fv2%2Fcomments&post=4194"}],"version-history":[{"count":2,"href":"https:\/\/grundschule-muehldorf.de\/index.php?rest_route=\/wp\/v2\/posts\/4194\/revisions"}],"predecessor-version":[{"id":4199,"href":"https:\/\/grundschule-muehldorf.de\/index.php?rest_route=\/wp\/v2\/posts\/4194\/revisions\/4199"}],"wp:featuredmedia":[{"embeddable":true,"href":"https:\/\/grundschule-muehldorf.de\/index.php?rest_route=\/wp\/v2\/media\/4197"}],"wp:attachment":[{"href":"https:\/\/grundschule-muehldorf.de\/index.php?rest_route=%2Fwp%2Fv2%2Fmedia&parent=4194"}],"wp:term":[{"taxonomy":"category","embeddable":true,"href":"https:\/\/grundschule-muehldorf.de\/index.php?rest_route=%2Fwp%2Fv2%2Fcategories&post=4194"},{"taxonomy":"post_tag","embeddable":true,"href":"https:\/\/grundschule-muehldorf.de\/index.php?rest_route=%2Fwp%2Fv2%2Ftags&post=4194"}],"curies":[{"name":"wp","href":"https:\/\/api.w.org\/{rel}","templated":true}]}}