{"id":4035,"date":"2020-09-23T09:39:00","date_gmt":"2020-09-23T07:39:00","guid":{"rendered":"http:\/\/grundschule-muehldorf.de\/?p=4035"},"modified":"2020-10-06T09:47:28","modified_gmt":"2020-10-06T07:47:28","slug":"meine-lebensgeschichte","status":"publish","type":"post","link":"https:\/\/grundschule-muehldorf.de\/?p=4035","title":{"rendered":"Meine Lebensgeschichte"},"content":{"rendered":"\n<p>\u201eWie war das nochmal, vor genau einem Jahr, an meinem ersten Schultag?\u201c \u2013 Das fragten sich die Kinder der Klasse 2c im HSU-Unterricht.<br>Dabei fanden sie heraus, dass man sich mit Hilfe von Fotos, Videos, Erz\u00e4hlungen und Gegenst\u00e4nden besser an vergangene Erlebnisse erinnern kann. Spannend war auch die Erkenntnis, dass verschiedene Personen sich an ein und dasselbe Erlebnis ganz unterschiedlich erinnern.<br>Passend zum Thema brachten viele Sch\u00fcler dann Erinnerungsst\u00fccke und Bilder aus ihrer fr\u00fchen Kindheit mit. Die Babyfotos&nbsp; entlockten so manchem Mitsch\u00fcler ein \u201eOh, wie s\u00fc\u00fc\u00fc\u00fc\u00df!\u201c.<br>Die Jungen und M\u00e4dchen verglichen anhand einer einfachen Zeitleiste ihre \u201eLebensgeschichte\u201c mit der ihrer Klassenkameraden.<br>Besonders sch\u00f6n war, dass einige Sch\u00fcler sich die M\u00fche machten und ein Plakat zu ihrer pers\u00f6nlichen Lebensgeschichte erstellten.<\/p>\n\n\n\n<figure class=\"wp-block-gallery columns-3 is-cropped wp-block-gallery-1 is-layout-flex wp-block-gallery-is-layout-flex\"><ul class=\"blocks-gallery-grid\"><li class=\"blocks-gallery-item\"><figure><a href=\"http:\/\/grundschule-muehldorf.de\/wp-content\/uploads\/2020\/10\/200923_2cLebensgeschichte_01-1.jpg\"><img loading=\"lazy\" decoding=\"async\" width=\"1000\" height=\"667\" src=\"http:\/\/grundschule-muehldorf.de\/wp-content\/uploads\/2020\/10\/200923_2cLebensgeschichte_01-1.jpg\" alt=\"\" data-id=\"4043\" data-full-url=\"http:\/\/grundschule-muehldorf.de\/wp-content\/uploads\/2020\/10\/200923_2cLebensgeschichte_01-1.jpg\" data-link=\"http:\/\/grundschule-muehldorf.de\/?attachment_id=4043\" class=\"wp-image-4043\" srcset=\"https:\/\/grundschule-muehldorf.de\/wp-content\/uploads\/2020\/10\/200923_2cLebensgeschichte_01-1.jpg 1000w, https:\/\/grundschule-muehldorf.de\/wp-content\/uploads\/2020\/10\/200923_2cLebensgeschichte_01-1-300x200.jpg 300w, https:\/\/grundschule-muehldorf.de\/wp-content\/uploads\/2020\/10\/200923_2cLebensgeschichte_01-1-768x512.jpg 768w, https:\/\/grundschule-muehldorf.de\/wp-content\/uploads\/2020\/10\/200923_2cLebensgeschichte_01-1-360x240.jpg 360w\" sizes=\"auto, (max-width: 1000px) 100vw, 1000px\" \/><\/a><\/figure><\/li><li class=\"blocks-gallery-item\"><figure><a href=\"http:\/\/grundschule-muehldorf.de\/wp-content\/uploads\/2020\/10\/200923_2cLebensgeschichte_02-1.jpg\"><img loading=\"lazy\" decoding=\"async\" width=\"1000\" height=\"667\" src=\"http:\/\/grundschule-muehldorf.de\/wp-content\/uploads\/2020\/10\/200923_2cLebensgeschichte_02-1.jpg\" alt=\"\" data-id=\"4044\" data-full-url=\"http:\/\/grundschule-muehldorf.de\/wp-content\/uploads\/2020\/10\/200923_2cLebensgeschichte_02-1.jpg\" data-link=\"http:\/\/grundschule-muehldorf.de\/?attachment_id=4044\" class=\"wp-image-4044\" srcset=\"https:\/\/grundschule-muehldorf.de\/wp-content\/uploads\/2020\/10\/200923_2cLebensgeschichte_02-1.jpg 1000w, https:\/\/grundschule-muehldorf.de\/wp-content\/uploads\/2020\/10\/200923_2cLebensgeschichte_02-1-300x200.jpg 300w, https:\/\/grundschule-muehldorf.de\/wp-content\/uploads\/2020\/10\/200923_2cLebensgeschichte_02-1-768x512.jpg 768w, https:\/\/grundschule-muehldorf.de\/wp-content\/uploads\/2020\/10\/200923_2cLebensgeschichte_02-1-360x240.jpg 360w\" sizes=\"auto, (max-width: 1000px) 100vw, 1000px\" \/><\/a><\/figure><\/li><li class=\"blocks-gallery-item\"><figure><a href=\"http:\/\/grundschule-muehldorf.de\/wp-content\/uploads\/2020\/10\/200923_2cLebensgeschichte_03-1.jpg\"><img loading=\"lazy\" decoding=\"async\" width=\"1000\" height=\"667\" src=\"http:\/\/grundschule-muehldorf.de\/wp-content\/uploads\/2020\/10\/200923_2cLebensgeschichte_03-1.jpg\" alt=\"\" data-id=\"4045\" data-full-url=\"http:\/\/grundschule-muehldorf.de\/wp-content\/uploads\/2020\/10\/200923_2cLebensgeschichte_03-1.jpg\" data-link=\"http:\/\/grundschule-muehldorf.de\/?attachment_id=4045\" class=\"wp-image-4045\" srcset=\"https:\/\/grundschule-muehldorf.de\/wp-content\/uploads\/2020\/10\/200923_2cLebensgeschichte_03-1.jpg 1000w, https:\/\/grundschule-muehldorf.de\/wp-content\/uploads\/2020\/10\/200923_2cLebensgeschichte_03-1-300x200.jpg 300w, https:\/\/grundschule-muehldorf.de\/wp-content\/uploads\/2020\/10\/200923_2cLebensgeschichte_03-1-768x512.jpg 768w, https:\/\/grundschule-muehldorf.de\/wp-content\/uploads\/2020\/10\/200923_2cLebensgeschichte_03-1-360x240.jpg 360w\" sizes=\"auto, (max-width: 1000px) 100vw, 1000px\" \/><\/a><\/figure><\/li><li class=\"blocks-gallery-item\"><figure><a href=\"http:\/\/grundschule-muehldorf.de\/wp-content\/uploads\/2020\/10\/200923_2cLebensgeschichte_04-1.jpg\"><img loading=\"lazy\" decoding=\"async\" width=\"1000\" height=\"667\" src=\"http:\/\/grundschule-muehldorf.de\/wp-content\/uploads\/2020\/10\/200923_2cLebensgeschichte_04-1.jpg\" alt=\"\" data-id=\"4046\" data-full-url=\"http:\/\/grundschule-muehldorf.de\/wp-content\/uploads\/2020\/10\/200923_2cLebensgeschichte_04-1.jpg\" data-link=\"http:\/\/grundschule-muehldorf.de\/?attachment_id=4046\" class=\"wp-image-4046\" srcset=\"https:\/\/grundschule-muehldorf.de\/wp-content\/uploads\/2020\/10\/200923_2cLebensgeschichte_04-1.jpg 1000w, https:\/\/grundschule-muehldorf.de\/wp-content\/uploads\/2020\/10\/200923_2cLebensgeschichte_04-1-300x200.jpg 300w, https:\/\/grundschule-muehldorf.de\/wp-content\/uploads\/2020\/10\/200923_2cLebensgeschichte_04-1-768x512.jpg 768w, https:\/\/grundschule-muehldorf.de\/wp-content\/uploads\/2020\/10\/200923_2cLebensgeschichte_04-1-360x240.jpg 360w\" sizes=\"auto, (max-width: 1000px) 100vw, 1000px\" \/><\/a><\/figure><\/li><li class=\"blocks-gallery-item\"><figure><a href=\"http:\/\/grundschule-muehldorf.de\/wp-content\/uploads\/2020\/10\/200923_2cLebensgeschichte_05-1.jpg\"><img loading=\"lazy\" decoding=\"async\" width=\"1000\" height=\"667\" src=\"http:\/\/grundschule-muehldorf.de\/wp-content\/uploads\/2020\/10\/200923_2cLebensgeschichte_05-1.jpg\" alt=\"\" data-id=\"4047\" data-full-url=\"http:\/\/grundschule-muehldorf.de\/wp-content\/uploads\/2020\/10\/200923_2cLebensgeschichte_05-1.jpg\" data-link=\"http:\/\/grundschule-muehldorf.de\/?attachment_id=4047\" class=\"wp-image-4047\" srcset=\"https:\/\/grundschule-muehldorf.de\/wp-content\/uploads\/2020\/10\/200923_2cLebensgeschichte_05-1.jpg 1000w, https:\/\/grundschule-muehldorf.de\/wp-content\/uploads\/2020\/10\/200923_2cLebensgeschichte_05-1-300x200.jpg 300w, https:\/\/grundschule-muehldorf.de\/wp-content\/uploads\/2020\/10\/200923_2cLebensgeschichte_05-1-768x512.jpg 768w, https:\/\/grundschule-muehldorf.de\/wp-content\/uploads\/2020\/10\/200923_2cLebensgeschichte_05-1-360x240.jpg 360w\" sizes=\"auto, (max-width: 1000px) 100vw, 1000px\" \/><\/a><\/figure><\/li><li class=\"blocks-gallery-item\"><figure><a href=\"http:\/\/grundschule-muehldorf.de\/wp-content\/uploads\/2020\/10\/200923_2cLebensgeschichte_06-1.jpg\"><img loading=\"lazy\" decoding=\"async\" width=\"1000\" height=\"667\" src=\"http:\/\/grundschule-muehldorf.de\/wp-content\/uploads\/2020\/10\/200923_2cLebensgeschichte_06-1.jpg\" alt=\"\" data-id=\"4048\" data-full-url=\"http:\/\/grundschule-muehldorf.de\/wp-content\/uploads\/2020\/10\/200923_2cLebensgeschichte_06-1.jpg\" data-link=\"http:\/\/grundschule-muehldorf.de\/?attachment_id=4048\" class=\"wp-image-4048\" srcset=\"https:\/\/grundschule-muehldorf.de\/wp-content\/uploads\/2020\/10\/200923_2cLebensgeschichte_06-1.jpg 1000w, https:\/\/grundschule-muehldorf.de\/wp-content\/uploads\/2020\/10\/200923_2cLebensgeschichte_06-1-300x200.jpg 300w, https:\/\/grundschule-muehldorf.de\/wp-content\/uploads\/2020\/10\/200923_2cLebensgeschichte_06-1-768x512.jpg 768w, https:\/\/grundschule-muehldorf.de\/wp-content\/uploads\/2020\/10\/200923_2cLebensgeschichte_06-1-360x240.jpg 360w\" sizes=\"auto, (max-width: 1000px) 100vw, 1000px\" \/><\/a><\/figure><\/li><\/ul><\/figure>\n","protected":false},"excerpt":{"rendered":"<p>\u201eWie war das nochmal, vor genau einem Jahr, an meinem ersten Schultag?\u201c \u2013 Das fragten sich die Kinder der Klasse 2c im HSU-Unterricht.Dabei fanden sie heraus, dass man sich mit Hilfe von Fotos, Videos,&#46;&#46;&#46;<\/p>\n","protected":false},"author":1,"featured_media":4043,"comment_status":"closed","ping_status":"open","sticky":false,"template":"","format":"standard","meta":{"footnotes":""},"categories":[3],"tags":[],"class_list":["post-4035","post","type-post","status-publish","format-standard","has-post-thumbnail","hentry","category-schulleben"],"publishpress_future_action":{"enabled":false,"date":"2026-05-10 12:16:46","action":"change-status","newStatus":"draft","terms":[],"taxonomy":"category","extraData":[]},"publishpress_future_workflow_manual_trigger":{"enabledWorkflows":[]},"_links":{"self":[{"href":"https:\/\/grundschule-muehldorf.de\/index.php?rest_route=\/wp\/v2\/posts\/4035","targetHints":{"allow":["GET"]}}],"collection":[{"href":"https:\/\/grundschule-muehldorf.de\/index.php?rest_route=\/wp\/v2\/posts"}],"about":[{"href":"https:\/\/grundschule-muehldorf.de\/index.php?rest_route=\/wp\/v2\/types\/post"}],"author":[{"embeddable":true,"href":"https:\/\/grundschule-muehldorf.de\/index.php?rest_route=\/wp\/v2\/users\/1"}],"replies":[{"embeddable":true,"href":"https:\/\/grundschule-muehldorf.de\/index.php?rest_route=%2Fwp%2Fv2%2Fcomments&post=4035"}],"version-history":[{"count":2,"href":"https:\/\/grundschule-muehldorf.de\/index.php?rest_route=\/wp\/v2\/posts\/4035\/revisions"}],"predecessor-version":[{"id":4049,"href":"https:\/\/grundschule-muehldorf.de\/index.php?rest_route=\/wp\/v2\/posts\/4035\/revisions\/4049"}],"wp:featuredmedia":[{"embeddable":true,"href":"https:\/\/grundschule-muehldorf.de\/index.php?rest_route=\/wp\/v2\/media\/4043"}],"wp:attachment":[{"href":"https:\/\/grundschule-muehldorf.de\/index.php?rest_route=%2Fwp%2Fv2%2Fmedia&parent=4035"}],"wp:term":[{"taxonomy":"category","embeddable":true,"href":"https:\/\/grundschule-muehldorf.de\/index.php?rest_route=%2Fwp%2Fv2%2Fcategories&post=4035"},{"taxonomy":"post_tag","embeddable":true,"href":"https:\/\/grundschule-muehldorf.de\/index.php?rest_route=%2Fwp%2Fv2%2Ftags&post=4035"}],"curies":[{"name":"wp","href":"https:\/\/api.w.org\/{rel}","templated":true}]}}