{"id":4021,"date":"2020-09-25T12:48:20","date_gmt":"2020-09-25T10:48:20","guid":{"rendered":"http:\/\/grundschule-muehldorf.de\/?p=4021"},"modified":"2020-09-25T12:48:46","modified_gmt":"2020-09-25T10:48:46","slug":"40-jahre-im-schuldienst-2","status":"publish","type":"post","link":"https:\/\/grundschule-muehldorf.de\/?p=4021","title":{"rendered":"40 Jahre im Schuldienst"},"content":{"rendered":"\n<p>Eine Urkunde des bayerischen Staatsministeriums f\u00fcr Familie, Arbeit und Soziales hat Fachlehrer Werner Kl\u00f6pper f\u00fcr 40 Jahre im \u00f6ffentlichen Dienst erhalten. Schulleiter Martin Wiedenmannott und die Klasse 4b gratulierten in Herrn Kl\u00f6ppers angestammter Wirkungsst\u00e4tte, der Schulturnhalle, zu dieser Ehrung.<\/p>\n\n\n\n<figure class=\"wp-block-image size-large\"><a href=\"http:\/\/grundschule-muehldorf.de\/wp-content\/uploads\/2020\/09\/200925_Kloepper_01.jpg\"><img loading=\"lazy\" decoding=\"async\" width=\"1000\" height=\"667\" src=\"http:\/\/grundschule-muehldorf.de\/wp-content\/uploads\/2020\/09\/200925_Kloepper_01.jpg\" alt=\"\" class=\"wp-image-4022\" srcset=\"https:\/\/grundschule-muehldorf.de\/wp-content\/uploads\/2020\/09\/200925_Kloepper_01.jpg 1000w, https:\/\/grundschule-muehldorf.de\/wp-content\/uploads\/2020\/09\/200925_Kloepper_01-300x200.jpg 300w, https:\/\/grundschule-muehldorf.de\/wp-content\/uploads\/2020\/09\/200925_Kloepper_01-768x512.jpg 768w, https:\/\/grundschule-muehldorf.de\/wp-content\/uploads\/2020\/09\/200925_Kloepper_01-360x240.jpg 360w\" sizes=\"auto, (max-width: 1000px) 100vw, 1000px\" \/><\/a><\/figure>\n","protected":false},"excerpt":{"rendered":"<p>Eine Urkunde des bayerischen Staatsministeriums f\u00fcr Familie, Arbeit und Soziales hat Fachlehrer Werner Kl\u00f6pper f\u00fcr 40 Jahre im \u00f6ffentlichen Dienst erhalten. Schulleiter Martin Wiedenmannott und die Klasse 4b gratulierten in Herrn Kl\u00f6ppers angestammter Wirkungsst\u00e4tte,&#46;&#46;&#46;<\/p>\n","protected":false},"author":1,"featured_media":4022,"comment_status":"closed","ping_status":"open","sticky":false,"template":"","format":"standard","meta":{"footnotes":""},"categories":[3],"tags":[],"class_list":["post-4021","post","type-post","status-publish","format-standard","has-post-thumbnail","hentry","category-schulleben"],"publishpress_future_action":{"enabled":false,"date":"2026-05-10 11:26:17","action":"change-status","newStatus":"draft","terms":[],"taxonomy":"category","extraData":[]},"publishpress_future_workflow_manual_trigger":{"enabledWorkflows":[]},"_links":{"self":[{"href":"https:\/\/grundschule-muehldorf.de\/index.php?rest_route=\/wp\/v2\/posts\/4021","targetHints":{"allow":["GET"]}}],"collection":[{"href":"https:\/\/grundschule-muehldorf.de\/index.php?rest_route=\/wp\/v2\/posts"}],"about":[{"href":"https:\/\/grundschule-muehldorf.de\/index.php?rest_route=\/wp\/v2\/types\/post"}],"author":[{"embeddable":true,"href":"https:\/\/grundschule-muehldorf.de\/index.php?rest_route=\/wp\/v2\/users\/1"}],"replies":[{"embeddable":true,"href":"https:\/\/grundschule-muehldorf.de\/index.php?rest_route=%2Fwp%2Fv2%2Fcomments&post=4021"}],"version-history":[{"count":1,"href":"https:\/\/grundschule-muehldorf.de\/index.php?rest_route=\/wp\/v2\/posts\/4021\/revisions"}],"predecessor-version":[{"id":4023,"href":"https:\/\/grundschule-muehldorf.de\/index.php?rest_route=\/wp\/v2\/posts\/4021\/revisions\/4023"}],"wp:featuredmedia":[{"embeddable":true,"href":"https:\/\/grundschule-muehldorf.de\/index.php?rest_route=\/wp\/v2\/media\/4022"}],"wp:attachment":[{"href":"https:\/\/grundschule-muehldorf.de\/index.php?rest_route=%2Fwp%2Fv2%2Fmedia&parent=4021"}],"wp:term":[{"taxonomy":"category","embeddable":true,"href":"https:\/\/grundschule-muehldorf.de\/index.php?rest_route=%2Fwp%2Fv2%2Fcategories&post=4021"},{"taxonomy":"post_tag","embeddable":true,"href":"https:\/\/grundschule-muehldorf.de\/index.php?rest_route=%2Fwp%2Fv2%2Ftags&post=4021"}],"curies":[{"name":"wp","href":"https:\/\/api.w.org\/{rel}","templated":true}]}}