{"id":3965,"date":"2020-09-08T12:35:00","date_gmt":"2020-09-08T10:35:00","guid":{"rendered":"http:\/\/grundschule-muehldorf.de\/?p=3965"},"modified":"2020-11-25T09:36:07","modified_gmt":"2020-11-25T08:36:07","slug":"jetzt-sind-wir-schulkinder","status":"publish","type":"post","link":"https:\/\/grundschule-muehldorf.de\/?p=3965","title":{"rendered":"Jetzt sind wir Schulkinder!"},"content":{"rendered":"\n<p>94 Erstkl\u00e4sslerinnen und Erstkl\u00e4ssler hatten ihren ersten Schultag an der Grundschule M\u00fchldorf und sind jetzt Schulkinder!<br>Trotz Corona war es der Schule wichtig, die Neuank\u00f6mmlinge w\u00fcrdig empfangen zu k\u00f6nnen. Deshalb fanden insgesamt f\u00fcnf Begr\u00fc\u00dfungsfeiern statt, um unter Beachtung der Hygieneregeln auch den Eltern eine Teilnahme zu erm\u00f6glichen.<br>Die Ganztagesklasse 4g begleitete die Feier musikalisch. Den kirchlichen Segen spendeten Frau Pfarrerin Vogt von der evagelischen Kirche und Herr Weidinger von der katholischen Stadtkirche.<br>Auch die 24 Schulanf\u00e4nger der Klasse 1a in Altm\u00fchldorf lie\u00dfen sich die Freude durch Corona nicht verderben. Aufgeregt warteten sie mit Ihren Eltern in der Turnhalle. Nachdem die Klasse 4a alle mit einem Lied begr\u00fc\u00dft hatte, hie\u00df auch Konrektor Christian Mannel die anwesenden Eltern und Kinder herzlich willkommen. Anschlie\u00dfend segnete Frau Stadler die Schulanf\u00e4nger und dann ging es, schwer bepackt mit Schulranzen und Schult\u00fcte, ins Klassenzimmer. Die Eltern durften dieses Jahr leider nicht mit. Trotzdem genossen die Kinder freudig und gespannt ihre ersten Schulstunden, bevor sie von den nicht weniger aufgeregten Eltern wieder abgeholt wurden.<\/p>\n\n\n\n<figure class=\"wp-block-gallery aligncenter columns-3 is-cropped wp-block-gallery-1 is-layout-flex wp-block-gallery-is-layout-flex\"><ul class=\"blocks-gallery-grid\"><li class=\"blocks-gallery-item\"><figure><a href=\"http:\/\/grundschule-muehldorf.de\/wp-content\/uploads\/2020\/11\/200908_ErsterSchultag_00.jpg\"><img loading=\"lazy\" decoding=\"async\" width=\"1000\" height=\"667\" src=\"http:\/\/grundschule-muehldorf.de\/wp-content\/uploads\/2020\/11\/200908_ErsterSchultag_00.jpg\" alt=\"\" data-id=\"4205\" data-full-url=\"http:\/\/grundschule-muehldorf.de\/wp-content\/uploads\/2020\/11\/200908_ErsterSchultag_00.jpg\" data-link=\"http:\/\/grundschule-muehldorf.de\/?attachment_id=4205\" class=\"wp-image-4205\" srcset=\"https:\/\/grundschule-muehldorf.de\/wp-content\/uploads\/2020\/11\/200908_ErsterSchultag_00.jpg 1000w, https:\/\/grundschule-muehldorf.de\/wp-content\/uploads\/2020\/11\/200908_ErsterSchultag_00-300x200.jpg 300w, https:\/\/grundschule-muehldorf.de\/wp-content\/uploads\/2020\/11\/200908_ErsterSchultag_00-768x512.jpg 768w, https:\/\/grundschule-muehldorf.de\/wp-content\/uploads\/2020\/11\/200908_ErsterSchultag_00-360x240.jpg 360w\" sizes=\"auto, (max-width: 1000px) 100vw, 1000px\" \/><\/a><\/figure><\/li><li class=\"blocks-gallery-item\"><figure><a href=\"http:\/\/grundschule-muehldorf.de\/wp-content\/uploads\/2020\/11\/200908_ErsterSchultag_01.jpg\"><img loading=\"lazy\" decoding=\"async\" width=\"1000\" height=\"667\" src=\"http:\/\/grundschule-muehldorf.de\/wp-content\/uploads\/2020\/11\/200908_ErsterSchultag_01.jpg\" alt=\"\" data-id=\"4206\" data-full-url=\"http:\/\/grundschule-muehldorf.de\/wp-content\/uploads\/2020\/11\/200908_ErsterSchultag_01.jpg\" data-link=\"http:\/\/grundschule-muehldorf.de\/?attachment_id=4206\" class=\"wp-image-4206\" srcset=\"https:\/\/grundschule-muehldorf.de\/wp-content\/uploads\/2020\/11\/200908_ErsterSchultag_01.jpg 1000w, https:\/\/grundschule-muehldorf.de\/wp-content\/uploads\/2020\/11\/200908_ErsterSchultag_01-300x200.jpg 300w, https:\/\/grundschule-muehldorf.de\/wp-content\/uploads\/2020\/11\/200908_ErsterSchultag_01-768x512.jpg 768w, https:\/\/grundschule-muehldorf.de\/wp-content\/uploads\/2020\/11\/200908_ErsterSchultag_01-360x240.jpg 360w\" sizes=\"auto, (max-width: 1000px) 100vw, 1000px\" \/><\/a><\/figure><\/li><li class=\"blocks-gallery-item\"><figure><a href=\"http:\/\/grundschule-muehldorf.de\/wp-content\/uploads\/2020\/11\/200908_ErsterSchultag_02.jpg\"><img loading=\"lazy\" decoding=\"async\" width=\"1000\" height=\"667\" src=\"http:\/\/grundschule-muehldorf.de\/wp-content\/uploads\/2020\/11\/200908_ErsterSchultag_02.jpg\" alt=\"\" data-id=\"4207\" data-full-url=\"http:\/\/grundschule-muehldorf.de\/wp-content\/uploads\/2020\/11\/200908_ErsterSchultag_02.jpg\" data-link=\"http:\/\/grundschule-muehldorf.de\/?attachment_id=4207\" class=\"wp-image-4207\" srcset=\"https:\/\/grundschule-muehldorf.de\/wp-content\/uploads\/2020\/11\/200908_ErsterSchultag_02.jpg 1000w, https:\/\/grundschule-muehldorf.de\/wp-content\/uploads\/2020\/11\/200908_ErsterSchultag_02-300x200.jpg 300w, https:\/\/grundschule-muehldorf.de\/wp-content\/uploads\/2020\/11\/200908_ErsterSchultag_02-768x512.jpg 768w, https:\/\/grundschule-muehldorf.de\/wp-content\/uploads\/2020\/11\/200908_ErsterSchultag_02-360x240.jpg 360w\" sizes=\"auto, (max-width: 1000px) 100vw, 1000px\" \/><\/a><\/figure><\/li><li class=\"blocks-gallery-item\"><figure><a href=\"http:\/\/grundschule-muehldorf.de\/wp-content\/uploads\/2020\/11\/200908_ErsterSchultag_03.jpg\"><img loading=\"lazy\" decoding=\"async\" width=\"1000\" height=\"667\" src=\"http:\/\/grundschule-muehldorf.de\/wp-content\/uploads\/2020\/11\/200908_ErsterSchultag_03.jpg\" alt=\"\" data-id=\"4208\" data-full-url=\"http:\/\/grundschule-muehldorf.de\/wp-content\/uploads\/2020\/11\/200908_ErsterSchultag_03.jpg\" data-link=\"http:\/\/grundschule-muehldorf.de\/?attachment_id=4208\" class=\"wp-image-4208\" srcset=\"https:\/\/grundschule-muehldorf.de\/wp-content\/uploads\/2020\/11\/200908_ErsterSchultag_03.jpg 1000w, https:\/\/grundschule-muehldorf.de\/wp-content\/uploads\/2020\/11\/200908_ErsterSchultag_03-300x200.jpg 300w, https:\/\/grundschule-muehldorf.de\/wp-content\/uploads\/2020\/11\/200908_ErsterSchultag_03-768x512.jpg 768w, https:\/\/grundschule-muehldorf.de\/wp-content\/uploads\/2020\/11\/200908_ErsterSchultag_03-360x240.jpg 360w\" sizes=\"auto, (max-width: 1000px) 100vw, 1000px\" \/><\/a><\/figure><\/li><li class=\"blocks-gallery-item\"><figure><a href=\"http:\/\/grundschule-muehldorf.de\/wp-content\/uploads\/2020\/11\/200908_ErsterSchultag_04.jpg\"><img loading=\"lazy\" decoding=\"async\" width=\"1000\" height=\"667\" src=\"http:\/\/grundschule-muehldorf.de\/wp-content\/uploads\/2020\/11\/200908_ErsterSchultag_04.jpg\" alt=\"\" data-id=\"4209\" data-full-url=\"http:\/\/grundschule-muehldorf.de\/wp-content\/uploads\/2020\/11\/200908_ErsterSchultag_04.jpg\" data-link=\"http:\/\/grundschule-muehldorf.de\/?attachment_id=4209\" class=\"wp-image-4209\" srcset=\"https:\/\/grundschule-muehldorf.de\/wp-content\/uploads\/2020\/11\/200908_ErsterSchultag_04.jpg 1000w, https:\/\/grundschule-muehldorf.de\/wp-content\/uploads\/2020\/11\/200908_ErsterSchultag_04-300x200.jpg 300w, https:\/\/grundschule-muehldorf.de\/wp-content\/uploads\/2020\/11\/200908_ErsterSchultag_04-768x512.jpg 768w, https:\/\/grundschule-muehldorf.de\/wp-content\/uploads\/2020\/11\/200908_ErsterSchultag_04-360x240.jpg 360w\" sizes=\"auto, (max-width: 1000px) 100vw, 1000px\" \/><\/a><\/figure><\/li><li class=\"blocks-gallery-item\"><figure><a href=\"http:\/\/grundschule-muehldorf.de\/wp-content\/uploads\/2020\/11\/200908_ErsterSchultag_05.jpg\"><img loading=\"lazy\" decoding=\"async\" width=\"1000\" height=\"667\" src=\"http:\/\/grundschule-muehldorf.de\/wp-content\/uploads\/2020\/11\/200908_ErsterSchultag_05.jpg\" alt=\"\" data-id=\"4210\" data-full-url=\"http:\/\/grundschule-muehldorf.de\/wp-content\/uploads\/2020\/11\/200908_ErsterSchultag_05.jpg\" data-link=\"http:\/\/grundschule-muehldorf.de\/?attachment_id=4210\" class=\"wp-image-4210\" srcset=\"https:\/\/grundschule-muehldorf.de\/wp-content\/uploads\/2020\/11\/200908_ErsterSchultag_05.jpg 1000w, https:\/\/grundschule-muehldorf.de\/wp-content\/uploads\/2020\/11\/200908_ErsterSchultag_05-300x200.jpg 300w, https:\/\/grundschule-muehldorf.de\/wp-content\/uploads\/2020\/11\/200908_ErsterSchultag_05-768x512.jpg 768w, https:\/\/grundschule-muehldorf.de\/wp-content\/uploads\/2020\/11\/200908_ErsterSchultag_05-360x240.jpg 360w\" sizes=\"auto, (max-width: 1000px) 100vw, 1000px\" \/><\/a><\/figure><\/li><li class=\"blocks-gallery-item\"><figure><a href=\"http:\/\/grundschule-muehldorf.de\/wp-content\/uploads\/2020\/11\/200908_ErsterSchultag_06.jpg\"><img loading=\"lazy\" decoding=\"async\" width=\"1000\" height=\"667\" src=\"http:\/\/grundschule-muehldorf.de\/wp-content\/uploads\/2020\/11\/200908_ErsterSchultag_06.jpg\" alt=\"\" data-id=\"4211\" data-full-url=\"http:\/\/grundschule-muehldorf.de\/wp-content\/uploads\/2020\/11\/200908_ErsterSchultag_06.jpg\" data-link=\"http:\/\/grundschule-muehldorf.de\/?attachment_id=4211\" class=\"wp-image-4211\" srcset=\"https:\/\/grundschule-muehldorf.de\/wp-content\/uploads\/2020\/11\/200908_ErsterSchultag_06.jpg 1000w, https:\/\/grundschule-muehldorf.de\/wp-content\/uploads\/2020\/11\/200908_ErsterSchultag_06-300x200.jpg 300w, https:\/\/grundschule-muehldorf.de\/wp-content\/uploads\/2020\/11\/200908_ErsterSchultag_06-768x512.jpg 768w, https:\/\/grundschule-muehldorf.de\/wp-content\/uploads\/2020\/11\/200908_ErsterSchultag_06-360x240.jpg 360w\" sizes=\"auto, (max-width: 1000px) 100vw, 1000px\" \/><\/a><\/figure><\/li><\/ul><\/figure>\n","protected":false},"excerpt":{"rendered":"<p>94 Erstkl\u00e4sslerinnen und Erstkl\u00e4ssler hatten ihren ersten Schultag an der Grundschule M\u00fchldorf und sind jetzt Schulkinder!Trotz Corona war es der Schule wichtig, die Neuank\u00f6mmlinge w\u00fcrdig empfangen zu k\u00f6nnen. Deshalb fanden insgesamt f\u00fcnf Begr\u00fc\u00dfungsfeiern statt,&#46;&#46;&#46;<\/p>\n","protected":false},"author":1,"featured_media":3966,"comment_status":"closed","ping_status":"open","sticky":false,"template":"","format":"standard","meta":{"footnotes":""},"categories":[3],"tags":[],"class_list":["post-3965","post","type-post","status-publish","format-standard","has-post-thumbnail","hentry","category-schulleben"],"publishpress_future_action":{"enabled":false,"date":"2026-05-05 23:29:43","action":"change-status","newStatus":"draft","terms":[],"taxonomy":"category","extraData":[]},"publishpress_future_workflow_manual_trigger":{"enabledWorkflows":[]},"_links":{"self":[{"href":"https:\/\/grundschule-muehldorf.de\/index.php?rest_route=\/wp\/v2\/posts\/3965","targetHints":{"allow":["GET"]}}],"collection":[{"href":"https:\/\/grundschule-muehldorf.de\/index.php?rest_route=\/wp\/v2\/posts"}],"about":[{"href":"https:\/\/grundschule-muehldorf.de\/index.php?rest_route=\/wp\/v2\/types\/post"}],"author":[{"embeddable":true,"href":"https:\/\/grundschule-muehldorf.de\/index.php?rest_route=\/wp\/v2\/users\/1"}],"replies":[{"embeddable":true,"href":"https:\/\/grundschule-muehldorf.de\/index.php?rest_route=%2Fwp%2Fv2%2Fcomments&post=3965"}],"version-history":[{"count":3,"href":"https:\/\/grundschule-muehldorf.de\/index.php?rest_route=\/wp\/v2\/posts\/3965\/revisions"}],"predecessor-version":[{"id":4212,"href":"https:\/\/grundschule-muehldorf.de\/index.php?rest_route=\/wp\/v2\/posts\/3965\/revisions\/4212"}],"wp:featuredmedia":[{"embeddable":true,"href":"https:\/\/grundschule-muehldorf.de\/index.php?rest_route=\/wp\/v2\/media\/3966"}],"wp:attachment":[{"href":"https:\/\/grundschule-muehldorf.de\/index.php?rest_route=%2Fwp%2Fv2%2Fmedia&parent=3965"}],"wp:term":[{"taxonomy":"category","embeddable":true,"href":"https:\/\/grundschule-muehldorf.de\/index.php?rest_route=%2Fwp%2Fv2%2Fcategories&post=3965"},{"taxonomy":"post_tag","embeddable":true,"href":"https:\/\/grundschule-muehldorf.de\/index.php?rest_route=%2Fwp%2Fv2%2Ftags&post=3965"}],"curies":[{"name":"wp","href":"https:\/\/api.w.org\/{rel}","templated":true}]}}