{"id":7907,"date":"2024-11-29T07:11:49","date_gmt":"2024-11-29T06:11:49","guid":{"rendered":"https:\/\/grundschule-muehldorf.de\/?p=7907"},"modified":"2024-12-18T07:16:29","modified_gmt":"2024-12-18T06:16:29","slug":"weihnachtsbazar-in-der-koga","status":"publish","type":"post","link":"http:\/\/grundschule-muehldorf.de\/?p=7907","title":{"rendered":"Weihnachtsbazar in der KoGa"},"content":{"rendered":"\n\n\n<p class=\"x_MsoNormal\">Die Idee f\u00fcr einen Weihnachtsbazar entstand zusammen mit den Kindern, schon sehr fr\u00fch im September.<\/p>\n<p class=\"x_MsoNormal\">Da unsere Bildungsangebote freitags oft kreative Angebote sind, lag es nahe weihnachtliche Deko, sch\u00f6ne Karten, bunte Lichter und Taschen, lustige Wichtel zusammen zu gestalten und dann bei einem Bazar zu verkaufen. Auch Eltern und der Elternbeirat der KoGa unterst\u00fctzten die Kinder.<\/p>\n<p class=\"x_MsoNormal\">Am 29.11 fand der KoGa Weihnachtsbazar von M\u00fchldorf und Altm\u00fchldorf statt. Die Kinder verkauften die gebastelte Deko selbstst\u00e4ndig!<br \/>Ein besonderes Highlight war nicht nur unser Second Hand Verkauf sondern auch unser Gast der Vorlesefriseur. F\u00fcrs Vorlesen bekamen die Kinder kostenlos die Haare geschnitten, was sehr gut ankam! Herzlichen Dank nochmal an Herrn Danny Beuerbach, wir freuen uns, denn er besucht uns im Fr\u00fchling wieder!<\/p>\n<p class=\"x_MsoNormal\">Eine spontane Aktion war eine Woche sp\u00e4ter, der Verkauf der restlichen weihnachtlichen Deko am Christkindlmarkt in M\u00fchldorf.<br \/>Insgesamt konnte eine hohe Summe eingenommen werden, die f\u00fcr die KoGa Kinder eingesetzt wird.<br \/>Es hat viel Spa\u00df gemacht, wir bedanken uns bei allen die die KoGa unterst\u00fctzt haben!<\/p>\n<p class=\"x_MsoNormal\">Frohe Weihnachten!<\/p>\n<p>\u00a0<\/p>\n<p>\u00a0<\/p>\n\n\n\n<div class=\"wp-block-group is-nowrap is-layout-flex wp-container-core-group-is-layout-ad2f72ca wp-block-group-is-layout-flex\">\n<figure class=\"wp-block-gallery has-nested-images columns-default is-cropped wp-block-gallery-1 is-layout-flex wp-block-gallery-is-layout-flex\">\n<figure class=\"wp-block-image size-large\"><img loading=\"lazy\" decoding=\"async\" width=\"768\" height=\"1024\" data-id=\"7915\" src=\"https:\/\/grundschule-muehldorf.de\/wp-content\/uploads\/2024\/12\/DSC01749-768x1024.jpg\" alt=\"\" class=\"wp-image-7915\" srcset=\"http:\/\/grundschule-muehldorf.de\/wp-content\/uploads\/2024\/12\/DSC01749-768x1024.jpg 768w, http:\/\/grundschule-muehldorf.de\/wp-content\/uploads\/2024\/12\/DSC01749-225x300.jpg 225w, http:\/\/grundschule-muehldorf.de\/wp-content\/uploads\/2024\/12\/DSC01749-1152x1536.jpg 1152w, http:\/\/grundschule-muehldorf.de\/wp-content\/uploads\/2024\/12\/DSC01749-1536x2048.jpg 1536w, http:\/\/grundschule-muehldorf.de\/wp-content\/uploads\/2024\/12\/DSC01749-scaled.jpg 1920w\" sizes=\"auto, (max-width: 768px) 100vw, 768px\" \/><\/figure>\n\n\n\n<figure class=\"wp-block-image size-large\"><img loading=\"lazy\" decoding=\"async\" width=\"1024\" height=\"768\" data-id=\"7914\" src=\"https:\/\/grundschule-muehldorf.de\/wp-content\/uploads\/2024\/12\/DSC01779-1024x768.jpg\" alt=\"\" class=\"wp-image-7914\" srcset=\"http:\/\/grundschule-muehldorf.de\/wp-content\/uploads\/2024\/12\/DSC01779-1024x768.jpg 1024w, http:\/\/grundschule-muehldorf.de\/wp-content\/uploads\/2024\/12\/DSC01779-300x225.jpg 300w, http:\/\/grundschule-muehldorf.de\/wp-content\/uploads\/2024\/12\/DSC01779-768x576.jpg 768w, http:\/\/grundschule-muehldorf.de\/wp-content\/uploads\/2024\/12\/DSC01779-1536x1152.jpg 1536w, http:\/\/grundschule-muehldorf.de\/wp-content\/uploads\/2024\/12\/DSC01779-2048x1536.jpg 2048w\" sizes=\"auto, (max-width: 1024px) 100vw, 1024px\" \/><\/figure>\n\n\n\n<figure class=\"wp-block-image size-large\"><img decoding=\"async\" data-id=\"7912\" src=\"https:\/\/grundschule-muehldorf.de\/wp-content\/uploads\/2024\/12\/IMG-20241206-WA0018-1024x454.jpg\" alt=\"\" class=\"wp-image-7912\"\/><\/figure>\n<\/figure>\n<\/div>\n\n\n\n<figure class=\"wp-block-gallery has-nested-images columns-default is-cropped wp-block-gallery-2 is-layout-flex wp-block-gallery-is-layout-flex\">\n<figure class=\"wp-block-image size-large\"><img loading=\"lazy\" decoding=\"async\" width=\"1024\" height=\"768\" data-id=\"7909\" src=\"https:\/\/grundschule-muehldorf.de\/wp-content\/uploads\/2024\/12\/DSC01740-1-1024x768.jpg\" alt=\"\" class=\"wp-image-7909\" srcset=\"http:\/\/grundschule-muehldorf.de\/wp-content\/uploads\/2024\/12\/DSC01740-1-1024x768.jpg 1024w, http:\/\/grundschule-muehldorf.de\/wp-content\/uploads\/2024\/12\/DSC01740-1-300x225.jpg 300w, http:\/\/grundschule-muehldorf.de\/wp-content\/uploads\/2024\/12\/DSC01740-1-768x576.jpg 768w, http:\/\/grundschule-muehldorf.de\/wp-content\/uploads\/2024\/12\/DSC01740-1-1536x1152.jpg 1536w, http:\/\/grundschule-muehldorf.de\/wp-content\/uploads\/2024\/12\/DSC01740-1-2048x1536.jpg 2048w\" sizes=\"auto, (max-width: 1024px) 100vw, 1024px\" \/><\/figure>\n\n\n\n<figure class=\"wp-block-image size-large\"><img loading=\"lazy\" decoding=\"async\" width=\"768\" height=\"1024\" data-id=\"7910\" src=\"https:\/\/grundschule-muehldorf.de\/wp-content\/uploads\/2024\/12\/DSC01842-768x1024.jpg\" alt=\"\" class=\"wp-image-7910\" srcset=\"http:\/\/grundschule-muehldorf.de\/wp-content\/uploads\/2024\/12\/DSC01842-768x1024.jpg 768w, http:\/\/grundschule-muehldorf.de\/wp-content\/uploads\/2024\/12\/DSC01842-225x300.jpg 225w, http:\/\/grundschule-muehldorf.de\/wp-content\/uploads\/2024\/12\/DSC01842-1152x1536.jpg 1152w, http:\/\/grundschule-muehldorf.de\/wp-content\/uploads\/2024\/12\/DSC01842-1536x2048.jpg 1536w, http:\/\/grundschule-muehldorf.de\/wp-content\/uploads\/2024\/12\/DSC01842-scaled.jpg 1920w\" sizes=\"auto, (max-width: 768px) 100vw, 768px\" \/><\/figure>\n<\/figure>\n","protected":false},"excerpt":{"rendered":"<p>Die Idee f\u00fcr einen Weihnachtsbazar entstand zusammen mit den Kindern, schon sehr fr\u00fch im September. Da unsere Bildungsangebote freitags oft kreative Angebote sind, lag es nahe weihnachtliche Deko, sch\u00f6ne Karten, bunte Lichter und Taschen,&#46;&#46;&#46;<\/p>\n","protected":false},"author":1,"featured_media":7912,"comment_status":"closed","ping_status":"open","sticky":false,"template":"","format":"standard","meta":{"footnotes":""},"categories":[3],"tags":[],"class_list":["post-7907","post","type-post","status-publish","format-standard","has-post-thumbnail","hentry","category-schulleben"],"publishpress_future_action":{"enabled":false,"date":"2026-05-05 06:11:20","action":"change-status","newStatus":"draft","terms":[],"taxonomy":"category","extraData":[]},"publishpress_future_workflow_manual_trigger":{"enabledWorkflows":[]},"_links":{"self":[{"href":"http:\/\/grundschule-muehldorf.de\/index.php?rest_route=\/wp\/v2\/posts\/7907","targetHints":{"allow":["GET"]}}],"collection":[{"href":"http:\/\/grundschule-muehldorf.de\/index.php?rest_route=\/wp\/v2\/posts"}],"about":[{"href":"http:\/\/grundschule-muehldorf.de\/index.php?rest_route=\/wp\/v2\/types\/post"}],"author":[{"embeddable":true,"href":"http:\/\/grundschule-muehldorf.de\/index.php?rest_route=\/wp\/v2\/users\/1"}],"replies":[{"embeddable":true,"href":"http:\/\/grundschule-muehldorf.de\/index.php?rest_route=%2Fwp%2Fv2%2Fcomments&post=7907"}],"version-history":[{"count":2,"href":"http:\/\/grundschule-muehldorf.de\/index.php?rest_route=\/wp\/v2\/posts\/7907\/revisions"}],"predecessor-version":[{"id":7917,"href":"http:\/\/grundschule-muehldorf.de\/index.php?rest_route=\/wp\/v2\/posts\/7907\/revisions\/7917"}],"wp:featuredmedia":[{"embeddable":true,"href":"http:\/\/grundschule-muehldorf.de\/index.php?rest_route=\/wp\/v2\/media\/7912"}],"wp:attachment":[{"href":"http:\/\/grundschule-muehldorf.de\/index.php?rest_route=%2Fwp%2Fv2%2Fmedia&parent=7907"}],"wp:term":[{"taxonomy":"category","embeddable":true,"href":"http:\/\/grundschule-muehldorf.de\/index.php?rest_route=%2Fwp%2Fv2%2Fcategories&post=7907"},{"taxonomy":"post_tag","embeddable":true,"href":"http:\/\/grundschule-muehldorf.de\/index.php?rest_route=%2Fwp%2Fv2%2Ftags&post=7907"}],"curies":[{"name":"wp","href":"https:\/\/api.w.org\/{rel}","templated":true}]}}