{"id":7312,"date":"2024-05-22T10:28:41","date_gmt":"2024-05-22T08:28:41","guid":{"rendered":"https:\/\/grundschule-muehldorf.de\/?p=7312"},"modified":"2024-05-22T10:28:42","modified_gmt":"2024-05-22T08:28:42","slug":"fruehlingselfchen","status":"publish","type":"post","link":"http:\/\/grundschule-muehldorf.de\/?p=7312","title":{"rendered":"Fr\u00fchlingselfchen"},"content":{"rendered":"\n<p>Nach den Osterferien begannen wir den Schultag mit einer Fr\u00fchlingsmeditation. \u00a0\u00a0\u00a0\u00a0\u00a0\u00a0\u00a0\u00a0\u00a0\u00a0\u00a0\u00a0\u00a0\u00a0\u00a0Wir schlossen zuerst die Augen, lauschten und rochen, was der Fr\u00fchling f\u00fcr neue Ger\u00e4usche und D\u00fcfte gebracht hatte. Viele h\u00f6rten zum Beispiel V\u00f6gel zwitschern und nahmen die angenehm warme Luft und den Bl\u00fctenduft wahr.<\/p>\n<p>Als n\u00e4chstes schauten wir uns unseren Pausenhof genau an und stellten fest, dass alle B\u00e4ume sch\u00f6ne hellgr\u00fcne Bl\u00e4tter und Bl\u00fcten bekommen haben.<\/p>\n<p>In Gruppen sammelten wir \u201eFr\u00fchlings-W\u00f6rter\u201c, die wir anschlie\u00dfend an die Tafel hingen.<\/p>\n<p>Um unserer Freude \u00fcber die \u201eVerwandlung der Natur\u201c auszudr\u00fccken, verfassten wir ganz besondere Gedichte mit Namen \u201eElfchen\u201c.<\/p>\n<p>Ein Elfchen besteht aus 11 W\u00f6rtern und hat einen ganz bestimmten Aufbau:<\/p>\n<p>In der 1. Zeile steht ein Wort, in der 2. \u00a0zwei W\u00f6rter, in der 3. drei W\u00f6rter, in der 4. vier W\u00f6rter und in der letzten wieder nur ein Wort.<\/p>\n<p>Zum Abschluss durften wir unsere Gedichte vor der Klasse vortragen und alle staunten, wie sch\u00f6n sie geworden sind.<\/p>\n\n\n\n<figure class=\"wp-block-gallery has-nested-images columns-default is-cropped wp-block-gallery-1 is-layout-flex wp-block-gallery-is-layout-flex\">\n<figure class=\"wp-block-image size-large\"><img loading=\"lazy\" decoding=\"async\" width=\"678\" height=\"944\" data-id=\"7313\" src=\"https:\/\/grundschule-muehldorf.de\/wp-content\/uploads\/2024\/05\/image002-1.jpg\" alt=\"\" class=\"wp-image-7313\" srcset=\"http:\/\/grundschule-muehldorf.de\/wp-content\/uploads\/2024\/05\/image002-1.jpg 678w, http:\/\/grundschule-muehldorf.de\/wp-content\/uploads\/2024\/05\/image002-1-215x300.jpg 215w\" sizes=\"auto, (max-width: 678px) 100vw, 678px\" \/><\/figure>\n\n\n\n<figure class=\"wp-block-image size-large\"><img decoding=\"async\" data-id=\"7314\" src=\"https:\/\/grundschule-muehldorf.de\/wp-content\/uploads\/2024\/05\/image004.jpg\" alt=\"\" class=\"wp-image-7314\"\/><\/figure>\n<\/figure>\n","protected":false},"excerpt":{"rendered":"<p>Nach den Osterferien begannen wir den Schultag mit einer Fr\u00fchlingsmeditation. \u00a0\u00a0\u00a0\u00a0\u00a0\u00a0\u00a0\u00a0\u00a0\u00a0\u00a0\u00a0\u00a0\u00a0\u00a0Wir schlossen zuerst die Augen, lauschten und rochen, was der Fr\u00fchling f\u00fcr neue Ger\u00e4usche und D\u00fcfte gebracht hatte. Viele h\u00f6rten zum Beispiel V\u00f6gel zwitschern&#46;&#46;&#46;<\/p>\n","protected":false},"author":1,"featured_media":7314,"comment_status":"closed","ping_status":"open","sticky":false,"template":"","format":"standard","meta":{"footnotes":""},"categories":[3],"tags":[],"class_list":["post-7312","post","type-post","status-publish","format-standard","has-post-thumbnail","hentry","category-schulleben"],"publishpress_future_action":{"enabled":false,"date":"2026-05-05 00:12:41","action":"change-status","newStatus":"draft","terms":[],"taxonomy":"category","extraData":[]},"publishpress_future_workflow_manual_trigger":{"enabledWorkflows":[]},"_links":{"self":[{"href":"http:\/\/grundschule-muehldorf.de\/index.php?rest_route=\/wp\/v2\/posts\/7312","targetHints":{"allow":["GET"]}}],"collection":[{"href":"http:\/\/grundschule-muehldorf.de\/index.php?rest_route=\/wp\/v2\/posts"}],"about":[{"href":"http:\/\/grundschule-muehldorf.de\/index.php?rest_route=\/wp\/v2\/types\/post"}],"author":[{"embeddable":true,"href":"http:\/\/grundschule-muehldorf.de\/index.php?rest_route=\/wp\/v2\/users\/1"}],"replies":[{"embeddable":true,"href":"http:\/\/grundschule-muehldorf.de\/index.php?rest_route=%2Fwp%2Fv2%2Fcomments&post=7312"}],"version-history":[{"count":1,"href":"http:\/\/grundschule-muehldorf.de\/index.php?rest_route=\/wp\/v2\/posts\/7312\/revisions"}],"predecessor-version":[{"id":7315,"href":"http:\/\/grundschule-muehldorf.de\/index.php?rest_route=\/wp\/v2\/posts\/7312\/revisions\/7315"}],"wp:featuredmedia":[{"embeddable":true,"href":"http:\/\/grundschule-muehldorf.de\/index.php?rest_route=\/wp\/v2\/media\/7314"}],"wp:attachment":[{"href":"http:\/\/grundschule-muehldorf.de\/index.php?rest_route=%2Fwp%2Fv2%2Fmedia&parent=7312"}],"wp:term":[{"taxonomy":"category","embeddable":true,"href":"http:\/\/grundschule-muehldorf.de\/index.php?rest_route=%2Fwp%2Fv2%2Fcategories&post=7312"},{"taxonomy":"post_tag","embeddable":true,"href":"http:\/\/grundschule-muehldorf.de\/index.php?rest_route=%2Fwp%2Fv2%2Ftags&post=7312"}],"curies":[{"name":"wp","href":"https:\/\/api.w.org\/{rel}","templated":true}]}}