{"id":6837,"date":"2023-10-06T15:35:00","date_gmt":"2023-10-06T13:35:00","guid":{"rendered":"http:\/\/grundschule-muehldorf.de\/?p=6837"},"modified":"2023-10-13T15:59:27","modified_gmt":"2023-10-13T13:59:27","slug":"anfangsgottesdienst-altmuehldorf","status":"publish","type":"post","link":"http:\/\/grundschule-muehldorf.de\/?p=6837","title":{"rendered":"Anfangsgottesdienst Altm\u00fchldorf"},"content":{"rendered":"\n<p>Auch in diesem Schuljahr nutzten die vier Altm\u00fchldorfer Klassen die Gelegenheit ihren Anfangsgottesdienst in der zum Erntedankfest pr\u00e4chtig geschm\u00fcckten Pfarrkirche St. Laurentius in Altm\u00fchldorf zu feiern. Das Motto des Erntealtares \u201eAlles hat seine Zeit&#8220; passte auch wunderbar zur Situation der Schulkinder und Lehrer. Die Zeit der Erholung in den Ferien ging mit dem Schulbeginn ja zu Ende. Nun stehen wieder lernen und arbeiten im Vordergrund. Zelebrantin Frau Stadler wurde von den Ministranten der 4. Klasse unterst\u00fctzt und brachte den Kindern die Gedanken durch anschauliche Geschichten und Beispiele n\u00e4her. Aufgelockert wurde die kurzweilige Andacht durch einige fr\u00f6hliche Lieder, die alle, begleitet von Frau Stadler an der Gitarre, kr\u00e4ftig mitsangen.<\/p>\n\n\n\n<figure class=\"wp-block-image size-large\"><img decoding=\"async\" src=\"http:\/\/grundschule-muehldorf.de\/wp-content\/uploads\/2023\/10\/20231006_085354-1024x768.jpg\" alt=\"\" class=\"wp-image-6838\" style=\"aspect-ratio:3\/2;object-fit:cover\"\/><\/figure>\n","protected":false},"excerpt":{"rendered":"<p>Auch in diesem Schuljahr nutzten die vier Altm\u00fchldorfer Klassen die Gelegenheit ihren Anfangsgottesdienst in der zum Erntedankfest pr\u00e4chtig geschm\u00fcckten Pfarrkirche St. Laurentius in Altm\u00fchldorf zu feiern. Das Motto des Erntealtares \u201eAlles hat seine Zeit&#8220;&#46;&#46;&#46;<\/p>\n","protected":false},"author":1,"featured_media":6838,"comment_status":"closed","ping_status":"open","sticky":false,"template":"","format":"standard","meta":{"footnotes":""},"categories":[3],"tags":[],"class_list":["post-6837","post","type-post","status-publish","format-standard","has-post-thumbnail","hentry","category-schulleben"],"publishpress_future_action":{"enabled":false,"date":"2026-05-05 03:18:40","action":"change-status","newStatus":"draft","terms":[],"taxonomy":"category","extraData":[]},"publishpress_future_workflow_manual_trigger":{"enabledWorkflows":[]},"_links":{"self":[{"href":"http:\/\/grundschule-muehldorf.de\/index.php?rest_route=\/wp\/v2\/posts\/6837","targetHints":{"allow":["GET"]}}],"collection":[{"href":"http:\/\/grundschule-muehldorf.de\/index.php?rest_route=\/wp\/v2\/posts"}],"about":[{"href":"http:\/\/grundschule-muehldorf.de\/index.php?rest_route=\/wp\/v2\/types\/post"}],"author":[{"embeddable":true,"href":"http:\/\/grundschule-muehldorf.de\/index.php?rest_route=\/wp\/v2\/users\/1"}],"replies":[{"embeddable":true,"href":"http:\/\/grundschule-muehldorf.de\/index.php?rest_route=%2Fwp%2Fv2%2Fcomments&post=6837"}],"version-history":[{"count":3,"href":"http:\/\/grundschule-muehldorf.de\/index.php?rest_route=\/wp\/v2\/posts\/6837\/revisions"}],"predecessor-version":[{"id":6848,"href":"http:\/\/grundschule-muehldorf.de\/index.php?rest_route=\/wp\/v2\/posts\/6837\/revisions\/6848"}],"wp:featuredmedia":[{"embeddable":true,"href":"http:\/\/grundschule-muehldorf.de\/index.php?rest_route=\/wp\/v2\/media\/6838"}],"wp:attachment":[{"href":"http:\/\/grundschule-muehldorf.de\/index.php?rest_route=%2Fwp%2Fv2%2Fmedia&parent=6837"}],"wp:term":[{"taxonomy":"category","embeddable":true,"href":"http:\/\/grundschule-muehldorf.de\/index.php?rest_route=%2Fwp%2Fv2%2Fcategories&post=6837"},{"taxonomy":"post_tag","embeddable":true,"href":"http:\/\/grundschule-muehldorf.de\/index.php?rest_route=%2Fwp%2Fv2%2Ftags&post=6837"}],"curies":[{"name":"wp","href":"https:\/\/api.w.org\/{rel}","templated":true}]}}